{"id":52033,"date":"2019-04-23T16:20:06","date_gmt":"2019-04-23T16:20:06","guid":{"rendered":"https:\/\/colimdo.org\/?p=52033"},"modified":"2019-04-24T13:33:19","modified_gmt":"2019-04-24T13:33:19","slug":"leones-confirman-staff-de-operaciones-para-2019-2020","status":"publish","type":"post","link":"https:\/\/colimdo.org\/noticias\/leones-confirman-staff-de-operaciones-para-2019-2020\/","title":{"rendered":"Leones confirman staff de Operaciones para 2019-2020"},"content":{"rendered":"<p><strong>SANTO DOMINGO.- <\/strong>El gerente general de los Leones del Escogido, Jos\u00e9 G\u00f3mez Fr\u00edas, confirm\u00f3 su Departamento de Operaciones para la temporada 2019-2020 de la Liga de B\u00e9isbol Profesional de la Rep\u00fablica Dominicana, prevista para iniciar el pr\u00f3ximo mes de octubre.<\/p>\n<p>G\u00f3mez Fr\u00edas, quien entra a su segundo a\u00f1o en el puesto, confirm\u00f3 que Jaylon Pimentel se mantiene como Director de Operaciones de B\u00e9isbol.<\/p>\n<p>Asimismo, Fausto Severino seguir\u00e1 como asistente del gerente general y Director de Scouteo, mientras que Luis Javier, adem\u00e1s de asistente del gerente general continuar\u00e1 como Director de Anal\u00edtica.<\/p>\n<p><strong>Rojas y Cole, las novedades<\/strong><\/p>\n<p>Luego de dirigir a los Leones desde el 14 de noviembre del 2014 hasta el 3 de enero del 2019, Rojas estar\u00e1 como Asistente Especial del gerente general. En el caso de Jason Cole, fungir\u00e1 como Asesor de Scouteo y asistente del gerente general.<\/p>\n<p><strong>Pelletier, Prestol y Cruz<\/strong><\/p>\n<p>Bolivar Pelletier cumple funciones de Asistente de Operaciones, al igual que Miguel Prestol, quien tambi\u00e9n trabajar\u00e1 directamente la parte de Anal\u00edtica y de Video del equipo rojo. Rub\u00e9n Dar\u00edo Cruz, adem\u00e1s de Asistente de Operaciones, sigue como Operador Trackman.<\/p>\n<p>\u201cEste a\u00f1o hemos fortalecido nuestro departamento al tener a Rojas en un nuevo rol y agregar a Cole, quien por sus responsabilidades con los Rays est\u00e1 en constante evaluaci\u00f3n de los niveles altos de las Menores y jugadores que ser\u00e1n elegibles para el sorteo de LIDOM\u201d, indic\u00f3 G\u00f3mez Fr\u00edas.<\/p>\n<p>\u201cMantenemos adem\u00e1s la estabilidad de nuestro equipo de trabajo, el cual est\u00e1 cien por ciento comprometido con mantener el \u00e9xito del conjunto en una nueva d\u00e9cada\u201d, agreg\u00f3.<\/p>\n<p><strong>DEPARTAMENTO DE OPERACIONES DEL ESCOGIDO BASEBALL CLUB 2019-2020<\/strong><\/p>\n<table width=\"492\">\n<tbody>\n<tr>\n<td width=\"85\"><strong>Nombre<\/strong><\/td>\n<td width=\"184\"><strong>Funci\u00f3n<\/strong><\/td>\n<td width=\"107\"><strong>Organizaci\u00f3n MLB<\/strong><\/td>\n<td width=\"115\"><strong>Experiencia en Escogido<\/strong><\/td>\n<\/tr>\n<tr>\n<td width=\"85\">Jos\u00e9 G\u00f3mez Fr\u00edas<\/td>\n<td width=\"184\">Gerente General<\/td>\n<td width=\"107\">Tampa Bay Rays<\/td>\n<td width=\"115\">7 a\u00f1os<\/td>\n<\/tr>\n<tr>\n<td width=\"85\">Jaylon Pimentel<\/td>\n<td width=\"184\">Director de Operaciones de B\u00e9isbol<\/td>\n<td width=\"107\">Tampa Bay Rays<\/td>\n<td width=\"115\">7 a\u00f1os<\/td>\n<\/tr>\n<tr>\n<td width=\"85\">Fausto Severino<\/td>\n<td width=\"184\">Asistente del GG\/ Director de Scouteo<\/td>\n<td width=\"107\">Washington Nationals<\/td>\n<td width=\"115\">2 a\u00f1os<\/td>\n<\/tr>\n<tr>\n<td width=\"85\">Luis Javier<\/td>\n<td width=\"184\">Asistente del GG \/ Director de Anal\u00edtica<\/td>\n<td width=\"107\">&#8211;<\/td>\n<td width=\"115\">4 a\u00f1os<\/td>\n<\/tr>\n<tr>\n<td width=\"85\">Luis Rojas<\/td>\n<td width=\"184\">Asistente Especial del Gerente General<\/td>\n<td width=\"107\">New York Mets<\/td>\n<td width=\"115\">9 a\u00f1os<\/td>\n<\/tr>\n<tr>\n<td width=\"85\">Jason Cole<\/td>\n<td width=\"184\">Asistente GG \/ Asesor de Scouteo<\/td>\n<td width=\"107\">Tampa Bay Rays<\/td>\n<td width=\"115\">1 a\u00f1o<\/td>\n<\/tr>\n<tr>\n<td width=\"85\">Bolivar Pelletier<\/td>\n<td width=\"184\">Asistente de Operaciones<\/td>\n<td width=\"107\">Washington Nationals<\/td>\n<td width=\"115\">2 a\u00f1os<\/td>\n<\/tr>\n<tr>\n<td width=\"85\">Miguel Prestol<\/td>\n<td width=\"184\">Asistente de Op. \/ Anal\u00edtica y Video<\/td>\n<td width=\"107\">New York Yankees<\/td>\n<td width=\"115\">2 a\u00f1os<\/td>\n<\/tr>\n<tr>\n<td width=\"85\">Rub\u00e9n Dar\u00edo Cruz<\/td>\n<td width=\"184\">Asistente de Op. \/ Operador Trackman<\/td>\n<td width=\"107\">&#8211;<\/td>\n<td width=\"115\">4 a\u00f1os<\/td>\n<\/tr>\n<\/tbody>\n<\/table>\n<p>&nbsp;<\/p>\n","protected":false},"excerpt":{"rendered":"<p>SANTO DOMINGO.- El gerente general de los Leones del Escogido, Jos\u00e9 G\u00f3mez Fr\u00edas, confirm\u00f3 su Departamento de Operaciones para la temporada 2019-2020 de la Liga de B\u00e9isbol Profesional de la Rep\u00fablica Dominicana, prevista para iniciar el pr\u00f3ximo mes de octubre. G\u00f3mez Fr\u00edas, quien entra a su segundo a\u00f1o en el puesto, confirm\u00f3 que Jaylon Pimentel [&hellip;]<\/p>\n","protected":false},"author":9,"featured_media":52034,"comment_status":"closed","ping_status":"closed","sticky":false,"template":"","format":"standard","meta":[],"categories":[2,60],"tags":[],"acf":[],"_links":{"self":[{"href":"https:\/\/colimdo.org\/wp-api\/wp\/v2\/posts\/52033"}],"collection":[{"href":"https:\/\/colimdo.org\/wp-api\/wp\/v2\/posts"}],"about":[{"href":"https:\/\/colimdo.org\/wp-api\/wp\/v2\/types\/post"}],"author":[{"embeddable":true,"href":"https:\/\/colimdo.org\/wp-api\/wp\/v2\/users\/9"}],"replies":[{"embeddable":true,"href":"https:\/\/colimdo.org\/wp-api\/wp\/v2\/comments?post=52033"}],"version-history":[{"count":2,"href":"https:\/\/colimdo.org\/wp-api\/wp\/v2\/posts\/52033\/revisions"}],"predecessor-version":[{"id":52036,"href":"https:\/\/colimdo.org\/wp-api\/wp\/v2\/posts\/52033\/revisions\/52036"}],"wp:featuredmedia":[{"embeddable":true,"href":"https:\/\/colimdo.org\/wp-api\/wp\/v2\/media\/52034"}],"wp:attachment":[{"href":"https:\/\/colimdo.org\/wp-api\/wp\/v2\/media?parent=52033"}],"wp:term":[{"taxonomy":"category","embeddable":true,"href":"https:\/\/colimdo.org\/wp-api\/wp\/v2\/categories?post=52033"},{"taxonomy":"post_tag","embeddable":true,"href":"https:\/\/colimdo.org\/wp-api\/wp\/v2\/tags?post=52033"}],"curies":[{"name":"wp","href":"https:\/\/api.w.org\/{rel}","templated":true}]}}