{"id":52043,"date":"2019-04-23T17:49:39","date_gmt":"2019-04-23T17:49:39","guid":{"rendered":"https:\/\/colimdo.org\/?p=52043"},"modified":"2019-04-23T17:49:53","modified_gmt":"2019-04-23T17:49:53","slug":"whyte-resalta-exito-la-gimnasia-programa-radial-florida","status":"publish","type":"post","link":"https:\/\/colimdo.org\/noticias\/whyte-resalta-exito-la-gimnasia-programa-radial-florida\/","title":{"rendered":"Whyte resalta \u00e9xito de la gimnasia en programa radial en Florida"},"content":{"rendered":"<p><strong>SANTO DOMINGO<\/strong>. El secretario general de la Federaci\u00f3n Dominicana de Gimnasia (Fedogim), licenciado Fernando Whyte, consider\u00f3 que la gimnasia de la Rep\u00fablica Dominicana se encamina hacia el \u00e9xito.<\/p>\n<p>Whyte, quien tambi\u00e9n es presidente de la Asociaci\u00f3n de Gimnasia de San Pedro de Macor\u00eds, emiti\u00f3 sus consideraciones al ser entrevistado en el programa radial Portada Latina que produce la periodista Mayra La Paz en la emisora Fuente de Salvaci\u00f3n, en Orlando, Florida.<\/p>\n<p>\u201cLa Federaci\u00f3n Dominicana de Gimnasia est\u00e1 trabajando en la formaci\u00f3n de atletas en las diferentes modalidades de este deporte\u201d, asegur\u00f3 Whyte, quien agreg\u00f3: \u201cEstamos ejecutando un proyecto que tiene por nombre Panam Panam\u00e1 2021-2022 que de seguro dar\u00e1 sus frutos en la rama femenina\u201d.<\/p>\n<p>El dirigente deportivo explic\u00f3 que el proyecto Panam Panam\u00e1 2021-2022 se puso en marcha hace dos meses y que incluye\u00a0 un total de 56 ni\u00f1as en edades desde los 13 a\u00f1os, a las cuales se les est\u00e1 dando un seguimiento con un cuerpo t\u00e9cnico capacitado y un personal en diferentes \u00e1reas.<\/p>\n<p>La entrevista estuvo conducida por la periodista Mayra La Paz, productora y conductora del espacio Portada Latina y donde fueron abordados diversos temas relacionados con los programas de actividades y los compromisos de la gimnasia dominicana en el \u00e1mbito nacional e internacional.<\/p>\n<p>Whyte cit\u00f3 adem\u00e1s los momentos de gloria que han brindado Yamilet Pe\u00f1a, en femenino, y Audrys Nin Reyes, en masculino, en los diferentes escenarios de competici\u00f3n, colocando al pa\u00eds en lo m\u00e1s alto. \u201cEn nuestra entidad reina una gran armon\u00eda, por eso puedo decir que somos una federaci\u00f3n exitosa\u201d, se\u00f1al\u00f3 Whyte al t\u00e9rmino de la entrevista.<\/p>\n","protected":false},"excerpt":{"rendered":"<p>El secretario general de la Federaci\u00f3n Dominicana de Gimnasia (Fedogim) fue entrevista en el programa Portada Latina, en Orlando, Florida.<\/p>\n","protected":false},"author":13,"featured_media":52044,"comment_status":"closed","ping_status":"closed","sticky":false,"template":"","format":"standard","meta":[],"categories":[2],"tags":[],"acf":[],"_links":{"self":[{"href":"https:\/\/colimdo.org\/wp-api\/wp\/v2\/posts\/52043"}],"collection":[{"href":"https:\/\/colimdo.org\/wp-api\/wp\/v2\/posts"}],"about":[{"href":"https:\/\/colimdo.org\/wp-api\/wp\/v2\/types\/post"}],"author":[{"embeddable":true,"href":"https:\/\/colimdo.org\/wp-api\/wp\/v2\/users\/13"}],"replies":[{"embeddable":true,"href":"https:\/\/colimdo.org\/wp-api\/wp\/v2\/comments?post=52043"}],"version-history":[{"count":1,"href":"https:\/\/colimdo.org\/wp-api\/wp\/v2\/posts\/52043\/revisions"}],"predecessor-version":[{"id":52045,"href":"https:\/\/colimdo.org\/wp-api\/wp\/v2\/posts\/52043\/revisions\/52045"}],"wp:featuredmedia":[{"embeddable":true,"href":"https:\/\/colimdo.org\/wp-api\/wp\/v2\/media\/52044"}],"wp:attachment":[{"href":"https:\/\/colimdo.org\/wp-api\/wp\/v2\/media?parent=52043"}],"wp:term":[{"taxonomy":"category","embeddable":true,"href":"https:\/\/colimdo.org\/wp-api\/wp\/v2\/categories?post=52043"},{"taxonomy":"post_tag","embeddable":true,"href":"https:\/\/colimdo.org\/wp-api\/wp\/v2\/tags?post=52043"}],"curies":[{"name":"wp","href":"https:\/\/api.w.org\/{rel}","templated":true}]}}