{"id":52051,"date":"2019-04-23T19:58:42","date_gmt":"2019-04-23T19:58:42","guid":{"rendered":"https:\/\/colimdo.org\/?p=52051"},"modified":"2019-04-23T19:59:57","modified_gmt":"2019-04-23T19:59:57","slug":"brillantes-deportistas-se-disputaran-los-honores-gala-acd","status":"publish","type":"post","link":"https:\/\/colimdo.org\/noticias\/brillantes-deportistas-se-disputaran-los-honores-gala-acd\/","title":{"rendered":"Brillantes deportistas se disputar\u00e1n los honores en gala ACD"},"content":{"rendered":"<p>SANTO DOMINGO.-Brillantes deportistas se disputar\u00e1n los honores durante la premiaci\u00f3n de la Asociaci\u00f3n de Cronistas Deportivos de Santo Domingo (ACD), cuya gala \u2018Atleta del A\u00f1o\u2019, ser\u00e1 realizada este jueves 25 de abril, a partir de las 7:00 de la noche, en el hotel Lina Barcel\u00f3.<\/p>\n<p style=\"font-weight: 400;\">Con la realizaci\u00f3n de esta espectacular gala, la cual incluye varios reconocimientos al m\u00e9rito de\u00a0 destacadas personalidades e instituciones, as\u00ed como un gran show de entretenimiento, la Asociaci\u00f3n de Cronistas Deportivos (ACD) celebrar\u00e1 oficialmente el 90 aniversario de su fundaci\u00f3n.<\/p>\n<p style=\"font-weight: 400;\">El periodista Ram\u00f3n Cuello, presidente de la ACD, revel\u00f3 que todo est\u00e1 preparado para el evento, al que han sido formalmente invitadas figuras del deporte, atletas, t\u00e9cnicos, federados y entrenadores, a quienes la instituci\u00f3n les reconocer\u00e1 el trabajo, esfuerzos y logros obtenidos en sus disciplinas el a\u00f1o pasado.<\/p>\n<p style=\"font-weight: 400;\">Resalt\u00f3 que la gala contar\u00e1 con el acostumbrado respaldo de los patrocinadores Ministerio de Deportes (Miderec), Cervecer\u00eda Nacional Dominicana (CND), Banco de Reservas, Corporaci\u00f3n de Acueducto y Alcantarillado de Santo Domingo (CAASD), Instituto Nacional de Aguas Potables (INAPA), banco BHDLe\u00f3n, Logomarca y el Ayuntamiento del Distrito Nacional.<\/p>\n<p style=\"font-weight: 400;\">\u201cDe este ceremonial saldr\u00e1 electo el atleta o deportista dominicano m\u00e1s brillante de 2018\u201d, agreg\u00f3 Cuello.<\/p>\n<p style=\"font-weight: 400;\">Entre los atletas, cuyos nombres se barajan para recibir la distinci\u00f3n figuran los destacados pesistas Crismery Santana y Luis Garc\u00eda, as\u00ed como el peleador de taekwondo Bernardo Pie.<\/p>\n<p style=\"font-weight: 400;\">\u201cHemos hecho formal convocatoria a las principales autoridades deportivas y militares del pa\u00eds, encabezadas por el ministro de Deportes licenciado Danilo D\u00edaz; licenciado Luis Mej\u00eda Oviedo, presidente del Comit\u00e9 Ol\u00edmpico Dominicano (COD); as\u00ed como a destacados empresarios y patrocinadores\u201d, expres\u00f3 Cuello por medio de un despacho de prensa.<\/p>\n<p style=\"font-weight: 400;\">Inform\u00f3 que durante la gala habr\u00e1 sendos reconocimientos a la Federaci\u00f3n Dominicana de Balonmano, franquicia de b\u00e9isbol profesional Estrellas Orientales, actual campeona de la pelota oto\u00f1o-invernal criolla; as\u00ed como al doctor Carlos Lamarche.<\/p>\n<p style=\"font-weight: 400;\">En cuanto al show de entretenimiento con que contar\u00e1 la gala, Cuello revel\u00f3 que la parte art\u00edstica de la actividad estar\u00e1 a cargo de Irving Alberti y Covi Quintana, mientras el \u2018opening\u2019 o cierre los har\u00e1 el ballet de danza moderna de Karina Cuello.<\/p>\n","protected":false},"excerpt":{"rendered":"<p>SANTO DOMINGO.-Brillantes deportistas se disputar\u00e1n los honores durante la premiaci\u00f3n de la Asociaci\u00f3n de Cronistas Deportivos de Santo Domingo (ACD), cuya gala \u2018Atleta del A\u00f1o\u2019, ser\u00e1 realizada este jueves 25 de abril, a partir de las 7:00 de la noche, en el hotel Lina Barcel\u00f3. Con la realizaci\u00f3n de esta espectacular gala, la cual incluye [&hellip;]<\/p>\n","protected":false},"author":9,"featured_media":52052,"comment_status":"closed","ping_status":"closed","sticky":false,"template":"","format":"standard","meta":[],"categories":[2,60],"tags":[],"acf":[],"_links":{"self":[{"href":"https:\/\/colimdo.org\/wp-api\/wp\/v2\/posts\/52051"}],"collection":[{"href":"https:\/\/colimdo.org\/wp-api\/wp\/v2\/posts"}],"about":[{"href":"https:\/\/colimdo.org\/wp-api\/wp\/v2\/types\/post"}],"author":[{"embeddable":true,"href":"https:\/\/colimdo.org\/wp-api\/wp\/v2\/users\/9"}],"replies":[{"embeddable":true,"href":"https:\/\/colimdo.org\/wp-api\/wp\/v2\/comments?post=52051"}],"version-history":[{"count":1,"href":"https:\/\/colimdo.org\/wp-api\/wp\/v2\/posts\/52051\/revisions"}],"predecessor-version":[{"id":52053,"href":"https:\/\/colimdo.org\/wp-api\/wp\/v2\/posts\/52051\/revisions\/52053"}],"wp:featuredmedia":[{"embeddable":true,"href":"https:\/\/colimdo.org\/wp-api\/wp\/v2\/media\/52052"}],"wp:attachment":[{"href":"https:\/\/colimdo.org\/wp-api\/wp\/v2\/media?parent=52051"}],"wp:term":[{"taxonomy":"category","embeddable":true,"href":"https:\/\/colimdo.org\/wp-api\/wp\/v2\/categories?post=52051"},{"taxonomy":"post_tag","embeddable":true,"href":"https:\/\/colimdo.org\/wp-api\/wp\/v2\/tags?post=52051"}],"curies":[{"name":"wp","href":"https:\/\/api.w.org\/{rel}","templated":true}]}}