{"id":52054,"date":"2019-04-23T22:55:34","date_gmt":"2019-04-23T22:55:34","guid":{"rendered":"https:\/\/colimdo.org\/?p=52054"},"modified":"2019-04-23T22:55:41","modified_gmt":"2019-04-23T22:55:41","slug":"muere-asesinado-ex-luchador-ufc-tras-una-discusion-trafico","status":"publish","type":"post","link":"https:\/\/colimdo.org\/noticias\/muere-asesinado-ex-luchador-ufc-tras-una-discusion-trafico\/","title":{"rendered":"Muere asesinado ex luchador de UFC tras una discusi\u00f3n de tr\u00e1fico"},"content":{"rendered":"<p>El domingo asesinaron al ex luchador de la UFC Rodrigo de Lima en Bel\u00e9m, Brasil, tras una discusi\u00f3n con un conductor de una compa\u00f1\u00eda de viajes compartidos.<\/p>\n<p>ESPN confirm\u00f3\u00a0la muerte del joven de 26 a\u00f1os con las autoridades brasile\u00f1as. Seg\u00fan dichas autoridades, De Lima tuvo una discusi\u00f3n con Jefferson Roger Maciel, el hombre identificado como el conductor. De Lima sali\u00f3 del coche y Maciel le atropell\u00f3 por la espalda.<\/p>\n<p>Maciel se dio a la fuga, por lo que la polic\u00eda lo est\u00e1 buscando.<\/p>\n<p>MMA Fighting habl\u00f3 sobre el incidente con Michel Prazeres,\u00a0un peso w\u00e9lter de la UFC y amigo de De Lima. Prazeres confirm\u00f3 que de Lima tuvo una discusi\u00f3n con el conductor, pero tambi\u00e9n dijo que De Lima estaba en el coche con varios amigos cuando sucedi\u00f3.<\/p>\n<p>Seg\u00fan Prazeres, el conductor detuvo el coche y los dos hombres tuvieron un supuesto altercado. El conductor se march\u00f3, pero regres\u00f3 poco despu\u00e9s y atropell\u00f3 con el veh\u00edculo a Lima. Prazeres no especific\u00f3 si los amigos de De Lima salieron del coche con \u00e9l o si se quedaron dentro del veh\u00edculo.<\/p>\n<p>De Lima estaba casado y era padre de dos ni\u00f1os. Utilizaba el apodo de\u00a0<strong>\u201cMonstro\u201d<\/strong>\u00a0y ten\u00eda un r\u00e9cord 9-3-1. Pele\u00f3 dos veces para la UFC, perdiendo contra Neil Magny en 2014 y contra Efra\u00edn Escudero en 2015.<\/p>\n","protected":false},"excerpt":{"rendered":"<p>Rodrigo de Lima, de 26 a\u00f1os, tuvo una discusi\u00f3n con un conductor de una compa\u00f1\u00eda de viajes compartidos, el cual lo atropell\u00f3 por la espalda.<\/p>\n","protected":false},"author":13,"featured_media":52055,"comment_status":"closed","ping_status":"closed","sticky":false,"template":"","format":"standard","meta":[],"categories":[2],"tags":[],"acf":[],"_links":{"self":[{"href":"https:\/\/colimdo.org\/wp-api\/wp\/v2\/posts\/52054"}],"collection":[{"href":"https:\/\/colimdo.org\/wp-api\/wp\/v2\/posts"}],"about":[{"href":"https:\/\/colimdo.org\/wp-api\/wp\/v2\/types\/post"}],"author":[{"embeddable":true,"href":"https:\/\/colimdo.org\/wp-api\/wp\/v2\/users\/13"}],"replies":[{"embeddable":true,"href":"https:\/\/colimdo.org\/wp-api\/wp\/v2\/comments?post=52054"}],"version-history":[{"count":1,"href":"https:\/\/colimdo.org\/wp-api\/wp\/v2\/posts\/52054\/revisions"}],"predecessor-version":[{"id":52056,"href":"https:\/\/colimdo.org\/wp-api\/wp\/v2\/posts\/52054\/revisions\/52056"}],"wp:featuredmedia":[{"embeddable":true,"href":"https:\/\/colimdo.org\/wp-api\/wp\/v2\/media\/52055"}],"wp:attachment":[{"href":"https:\/\/colimdo.org\/wp-api\/wp\/v2\/media?parent=52054"}],"wp:term":[{"taxonomy":"category","embeddable":true,"href":"https:\/\/colimdo.org\/wp-api\/wp\/v2\/categories?post=52054"},{"taxonomy":"post_tag","embeddable":true,"href":"https:\/\/colimdo.org\/wp-api\/wp\/v2\/tags?post=52054"}],"curies":[{"name":"wp","href":"https:\/\/api.w.org\/{rel}","templated":true}]}}