{"id":52073,"date":"2019-04-24T02:55:04","date_gmt":"2019-04-24T02:55:04","guid":{"rendered":"https:\/\/colimdo.org\/?p=52073"},"modified":"2019-04-24T02:55:04","modified_gmt":"2019-04-24T02:55:04","slug":"winston-santos-presidira-comite-organizador-copa-esmeralda-boxeo","status":"publish","type":"post","link":"https:\/\/colimdo.org\/noticias\/winston-santos-presidira-comite-organizador-copa-esmeralda-boxeo\/","title":{"rendered":"Winston Santos presidir\u00e1 Comit\u00e9 Organizador Copa Esmeralda de Boxeo"},"content":{"rendered":"<p class=\"x_MsoNormal\">SANTO DOMINGO. El ministro de Trabajo, doctor Winston Santos, presidir\u00e1 el Comit\u00e9 Organizador de la quinta edici\u00f3n de la Copa Esmeralda de Boxeo, a celebrarse entre los d\u00edas del 29 de mayo al 2 de junio de este a\u00f1o en Monte Plata.<\/p>\n<p class=\"x_MsoNormal\">El evento, que re\u00fane p\u00fagiles en edades escolares de todas las regiones de la Rep\u00fablica Dominicana, estar\u00e1 dedicado en esta ocasi\u00f3n a la \u201cPrevenci\u00f3n y Erradicaci\u00f3n del trabajo infantil\u201d, conforme se expone en una nota de prensa de la Asociaci\u00f3n de Boxeo de Boxeo de la provincia Monte Plata, que preside el periodista Primitivo Cadete.<\/p>\n<p class=\"x_MsoNormal\">En el documento de prensa tambi\u00e9n se resalta que la justa box\u00edstica servir\u00e1 de fogueo para los participantes en ruta a los Juegos Deportivos Nacionales Escolares, programados para este mismo a\u00f1o en la provincia Monte Plata.<\/p>\n<p class=\"x_MsoNormal\">El doctor Santos, un apasionado de los deportes, principalmente del boxeo, estar\u00e1 acompa\u00f1ado en el Comit\u00e9 Organizador por el licenciado Mart\u00edn Zapata, vice ministro de Hacienda; la arquitecta Carmen Leyda Mora, vice ministra de Obras P\u00fablicas; licenciada\u00a0Gladys\u00a0<em><b>Sofia Azcona, vice ministra de Trabajo;\u00a0<\/b><\/em>\u00a0doctor Roberto Peguero, funcionario del Ministerio de Salud P\u00fablica; Jes\u00fas Contreras, alcalde de Monte Plata; el empresario Carlos Silie y Gerardo Pita.<\/p>\n<p class=\"x_MsoNormal\">En la Copa Esmeralda de Boxeo compiten p\u00fagiles de las regiones Sur, Este y Norte, as\u00ed como la Zona Metropolitana, integrada por boxeadores de la provincia Santo Domingo y el Distrito Nacional, as\u00ed como los anfitriones de Monte Plata.<\/p>\n<p class=\"x_MsoNormal\">Para la versi\u00f3n de este a\u00f1o participar\u00e1n, en calidad de invitados, pugilistas de Puerto Rico y Hait\u00ed.<\/p>\n<p class=\"x_MsoNormal\">El evento se celebra cada dos a\u00f1os y se recuerda que la versi\u00f3n 2017 tuvo como escenario el bajo techo de Sabana Grande de Boy\u00e1 y \u00a0dedicada a la Preservaci\u00f3n del Medio Ambiente.<\/p>\n<p class=\"x_MsoNormal\">\u201cSe anticipa una gran copa, en un escenario que ser\u00e1 engalanado para la ocasi\u00f3n y la integraci\u00f3n de las autoridades de la provincia Monte Plata y sus diferentes municipios\u201d, expuso Randy Cadete, director ejecutivo del torneo, quien destac\u00f3 que el mismo cuenta con el aval de la Federaci\u00f3n Dominicana de Boxeo, que preside Juan Vargas.<\/p>\n<p class=\"x_MsoNormal\">\n","protected":false},"excerpt":{"rendered":"<p>El evento, que re\u00fane p\u00fagiles en edades escolares de todas las regiones de la Rep\u00fablica Dominicana, estar\u00e1 dedicado en esta ocasi\u00f3n a la \u201cPrevenci\u00f3n y Erradicaci\u00f3n del trabajo infantil\u201d, conforme se expone en una nota de prensa de la Asociaci\u00f3n de Boxeo de Boxeo de la provincia Monte Plata, que preside el periodista Primitivo Cadete.<\/p>\n","protected":false},"author":16,"featured_media":52074,"comment_status":"closed","ping_status":"closed","sticky":false,"template":"","format":"standard","meta":[],"categories":[2,60],"tags":[],"acf":[],"_links":{"self":[{"href":"https:\/\/colimdo.org\/wp-api\/wp\/v2\/posts\/52073"}],"collection":[{"href":"https:\/\/colimdo.org\/wp-api\/wp\/v2\/posts"}],"about":[{"href":"https:\/\/colimdo.org\/wp-api\/wp\/v2\/types\/post"}],"author":[{"embeddable":true,"href":"https:\/\/colimdo.org\/wp-api\/wp\/v2\/users\/16"}],"replies":[{"embeddable":true,"href":"https:\/\/colimdo.org\/wp-api\/wp\/v2\/comments?post=52073"}],"version-history":[{"count":1,"href":"https:\/\/colimdo.org\/wp-api\/wp\/v2\/posts\/52073\/revisions"}],"predecessor-version":[{"id":52075,"href":"https:\/\/colimdo.org\/wp-api\/wp\/v2\/posts\/52073\/revisions\/52075"}],"wp:featuredmedia":[{"embeddable":true,"href":"https:\/\/colimdo.org\/wp-api\/wp\/v2\/media\/52074"}],"wp:attachment":[{"href":"https:\/\/colimdo.org\/wp-api\/wp\/v2\/media?parent=52073"}],"wp:term":[{"taxonomy":"category","embeddable":true,"href":"https:\/\/colimdo.org\/wp-api\/wp\/v2\/categories?post=52073"},{"taxonomy":"post_tag","embeddable":true,"href":"https:\/\/colimdo.org\/wp-api\/wp\/v2\/tags?post=52073"}],"curies":[{"name":"wp","href":"https:\/\/api.w.org\/{rel}","templated":true}]}}