{"id":52128,"date":"2019-04-25T02:22:09","date_gmt":"2019-04-25T02:22:09","guid":{"rendered":"https:\/\/colimdo.org\/?p=52128"},"modified":"2019-04-25T09:49:39","modified_gmt":"2019-04-25T09:49:39","slug":"bicampeona-olimpica-se-desmaya-en-una-entrevista","status":"publish","type":"post","link":"https:\/\/colimdo.org\/noticias\/bicampeona-olimpica-se-desmaya-en-una-entrevista\/","title":{"rendered":"Bicampeona ol\u00edmpica se desmaya en una entrevista"},"content":{"rendered":"<p class=\"canvas-atom canvas-text Mb(1.0em) Mb(0)--sm Mt(0.8em)--sm\" style=\"margin: 0px 0px 1em; color: #000000; font-family: Georgia, 'Times New Roman', serif; font-size: 18px; font-style: normal; font-variant-ligatures: normal; font-variant-caps: normal; font-weight: 400; letter-spacing: normal; orphans: 2; text-align: start; text-indent: 0px; text-transform: none; white-space: normal; widows: 2; word-spacing: 0px; -webkit-text-stroke-width: 0px; background-color: #ffffff; text-decoration-style: initial; text-decoration-color: initial;\">YAHOO DEPORTES. Este martes, la bicampeona ol\u00edmpica de voleibol\u00a0Jaqueline Carvalho\u00a0sufri\u00f3 un desmayo mientras conced\u00eda al canal SporTV lo que hasta ese momento parec\u00eda una entrevista normal durante la final de la Superliga de Voleibol Masculino.<\/p>\n<p class=\"canvas-atom canvas-text Mb(1.0em) Mb(0)--sm Mt(0.8em)--sm\">Jaqueline se encontraba en el pabell\u00f3n del Sesi Vila Leopoldina acompa\u00f1ando a su esposo Murilo, quien juega en el Sesi V\u00f4lei S\u00e3o Paulo y se enfrentaba al Taubat\u00e9 en la final de la principal competici\u00f3n de voleibol de Brasil.<\/p>\n<p class=\"canvas-atom canvas-text Mb(1.0em) Mb(0)--sm Mt(0.8em)--sm\">Entre el segundo y tercer tiempo, la jugadora ofreci\u00f3 una entrevista al canal SporTV y hablaba con naturalidad hasta que pidi\u00f3 disculpas por no sentirse bien y se desplom\u00f3. La reportera Fabiola Andrade alcanz\u00f3 a sujetar a la jugadora para intentar reducir el impacto de la ca\u00edda.<\/p>\n<p class=\"canvas-atom canvas-text Mb(1.0em) Mb(0)--sm Mt(0.8em)--sm\">El juego se detuvo mientras Jaqueline recib\u00eda atenci\u00f3n m\u00e9dica con Murilo a su lado. Seg\u00fan inform\u00f3 el canal, el m\u00e9dico indic\u00f3 que el malestar estuvo causado por el calor que hab\u00eda en la cancha.<\/p>\n<p class=\"canvas-atom canvas-text Mb(1.0em) Mb(0)--sm Mt(0.8em)--sm\">En los \u00faltimos momentos del tercer tiempo, las im\u00e1genes de SporTV mostraron a Jaqueline abandonando la instalaci\u00f3n.<\/p>\n","protected":false},"excerpt":{"rendered":"<p>Jaqueline Carvalho\u00a0sufri\u00f3 un desmayo mientras conced\u00eda al canal SporTV lo que hasta ese momento parec\u00eda una entrevista normal durante la final de la Superliga de Voleibol Masculino.<\/p>\n","protected":false},"author":16,"featured_media":52129,"comment_status":"closed","ping_status":"closed","sticky":false,"template":"","format":"standard","meta":[],"categories":[2,60],"tags":[],"acf":[],"_links":{"self":[{"href":"https:\/\/colimdo.org\/wp-api\/wp\/v2\/posts\/52128"}],"collection":[{"href":"https:\/\/colimdo.org\/wp-api\/wp\/v2\/posts"}],"about":[{"href":"https:\/\/colimdo.org\/wp-api\/wp\/v2\/types\/post"}],"author":[{"embeddable":true,"href":"https:\/\/colimdo.org\/wp-api\/wp\/v2\/users\/16"}],"replies":[{"embeddable":true,"href":"https:\/\/colimdo.org\/wp-api\/wp\/v2\/comments?post=52128"}],"version-history":[{"count":2,"href":"https:\/\/colimdo.org\/wp-api\/wp\/v2\/posts\/52128\/revisions"}],"predecessor-version":[{"id":52131,"href":"https:\/\/colimdo.org\/wp-api\/wp\/v2\/posts\/52128\/revisions\/52131"}],"wp:featuredmedia":[{"embeddable":true,"href":"https:\/\/colimdo.org\/wp-api\/wp\/v2\/media\/52129"}],"wp:attachment":[{"href":"https:\/\/colimdo.org\/wp-api\/wp\/v2\/media?parent=52128"}],"wp:term":[{"taxonomy":"category","embeddable":true,"href":"https:\/\/colimdo.org\/wp-api\/wp\/v2\/categories?post=52128"},{"taxonomy":"post_tag","embeddable":true,"href":"https:\/\/colimdo.org\/wp-api\/wp\/v2\/tags?post=52128"}],"curies":[{"name":"wp","href":"https:\/\/api.w.org\/{rel}","templated":true}]}}