{"id":52135,"date":"2019-04-25T02:39:46","date_gmt":"2019-04-25T02:39:46","guid":{"rendered":"https:\/\/colimdo.org\/?p=52135"},"modified":"2019-04-25T02:39:46","modified_gmt":"2019-04-25T02:39:46","slug":"nadador-se-convierte-primero-cruzar-nado-rio-los-espiritus","status":"publish","type":"post","link":"https:\/\/colimdo.org\/noticias\/nadador-se-convierte-primero-cruzar-nado-rio-los-espiritus\/","title":{"rendered":"Nadador se convierte en primero en cruzar a nado el &#8216;R\u00edo de los Esp\u00edritus&#8217;"},"content":{"rendered":"<p>Cruzar el estrecho de Cook, el estrecho de Gibraltar, nadar entre la pen\u00ednsula Ib\u00e9rica y las Islas Baleares o unir los cinco continentes v\u00eda mar\u00edtima. Estos son los retos a los que se han enfrentado algunos de los nadadores espa\u00f1oles m\u00e1s arriesgados como David Meca, Ignacio Dean o Jorge Crivill\u00e9s, pero hasta ahora nadie hab\u00eda intentado\u00a0cruzar oficialmente el r\u00edo Congo a nado.<\/p>\n<p class=\"canvas-atom canvas-text Mb(1.0em) Mb(0)--sm Mt(0.8em)--sm\" style=\"margin: 0px 0px 1em; color: #000000; font-family: Georgia, 'Times New Roman', serif; font-size: 18px; font-style: normal; font-variant-ligatures: normal; font-variant-caps: normal; font-weight: 400; letter-spacing: normal; orphans: 2; text-align: start; text-indent: 0px; text-transform: none; white-space: normal; widows: 2; word-spacing: 0px; -webkit-text-stroke-width: 0px; background-color: #ffffff; text-decoration-style: initial; text-decoration-color: initial;\">Pues bien, este es el reto al que\u00a0se ha enfrenado recientemente Pablo Fern\u00e1ndez, un deportista y empresario madrile\u00f1o de 38 a\u00f1os. Pero no solo ha hecho frente a este reto sino que ha conseguido su haza\u00f1a al completar los 25 kil\u00f3metros de distancia entre las dos riberas del r\u00edo Congo en tan solo 5 horas.<\/p>\n<p class=\"canvas-atom canvas-text Mb(1.0em) Mb(0)--sm Mt(0.8em)--sm\" style=\"margin: 0px 0px 1em; color: #000000; font-family: Georgia, 'Times New Roman', serif; font-size: 18px; font-style: normal; font-variant-ligatures: normal; font-variant-caps: normal; font-weight: 400; letter-spacing: normal; orphans: 2; text-align: start; text-indent: 0px; text-transform: none; white-space: normal; widows: 2; word-spacing: 0px; -webkit-text-stroke-width: 0px; background-color: #ffffff; text-decoration-style: initial; text-decoration-color: initial;\">El nadador espa\u00f1ol parti\u00f3 de la isla angole\u00f1a de Mu\u00edla-Nsengue y toc\u00f3 tierra en la regi\u00f3n congole\u00f1a de Muanda.\u00a0Una traves\u00eda que cont\u00f3 con una veintena de testigos\u00a0que siguieron las reglas de la Federaci\u00f3n Internacional de Marat\u00f3n en Aguas Abiertas.<\/p>\n<p class=\"canvas-atom canvas-text Mb(1.0em) Mb(0)--sm Mt(0.8em)--sm\" style=\"margin: 0px 0px 1em; color: #000000; font-family: Georgia, 'Times New Roman', serif; font-size: 18px; font-style: normal; font-variant-ligatures: normal; font-variant-caps: normal; font-weight: 400; letter-spacing: normal; orphans: 2; text-align: start; text-indent: 0px; text-transform: none; white-space: normal; widows: 2; word-spacing: 0px; -webkit-text-stroke-width: 0px; background-color: #ffffff; text-decoration-style: initial; text-decoration-color: initial;\">En total, fueron m\u00e1s de 12 millas n\u00e1uticas a trav\u00e9s del r\u00edo m\u00e1s profundo del mundo y el segundo m\u00e1s caudaloso, por detr\u00e1s del Amazonas. Uno de sus\u00a0principales peligros es una corriente potente y unos r\u00e1pidos muy agresivos\u00a0que se crean en algunas zonas.<\/p>\n<p class=\"canvas-atom canvas-text Mb(1.0em) Mb(0)--sm Mt(0.8em)--sm\" style=\"margin: 0px 0px 1em; color: #000000; font-family: Georgia, 'Times New Roman', serif; font-size: 18px; font-style: normal; font-variant-ligatures: normal; font-variant-caps: normal; font-weight: 400; letter-spacing: normal; orphans: 2; text-align: start; text-indent: 0px; text-transform: none; white-space: normal; widows: 2; word-spacing: 0px; -webkit-text-stroke-width: 0px; background-color: #ffffff; text-decoration-style: initial; text-decoration-color: initial;\">El nadador coment\u00f3 que los nativos de la zona no se lo cre\u00edan \u201cporque\u00a0creen que ese r\u00edo tiene esp\u00edritus\u00a0y era imposible de cruzar\u201d.<\/p>\n<p class=\"canvas-atom canvas-text Mb(1.0em) Mb(0)--sm Mt(0.8em)--sm\" style=\"margin: 0px 0px 1em; color: #000000; font-family: Georgia, 'Times New Roman', serif; font-size: 18px; font-style: normal; font-variant-ligatures: normal; font-variant-caps: normal; font-weight: 400; letter-spacing: normal; orphans: 2; text-align: start; text-indent: 0px; text-transform: none; white-space: normal; widows: 2; word-spacing: 0px; -webkit-text-stroke-width: 0px; background-color: #ffffff; text-decoration-style: initial; text-decoration-color: initial;\">Detr\u00e1s de esta haza\u00f1a tambi\u00e9n hab\u00eda\u00a0una causa solidaria dirigida a ayudar a las comunidades locales. El aventurero madrile\u00f1o don\u00f3 una cantidad econ\u00f3mica a una escuela de dif\u00edcil acceso situada en la ribera del r\u00edo.<\/p>\n<p>Pablo Fern\u00e1ndez\u00a0cuenta con logros como\u00a0los 16 kil\u00f3metros a nado por las costas de Senegal y Gambia, donde desemboca el r\u00edo Gambia, una zona plagada de cocodrilos e hipop\u00f3tamos. En enero, Fern\u00e1ndez tambi\u00e9n cruz\u00f3 a nado el estrecho de Fonseca, la manga que separa las costas de Nicaragua y El Salvador, un santuario de tiburones.<\/p>\n","protected":false},"excerpt":{"rendered":"<p> Pablo Fern\u00e1ndez, un deportista y empresario madrile\u00f1o de 38 a\u00f1os. Pero no solo ha hecho frente a este reto sino que ha conseguido su haza\u00f1a al completar los 25 kil\u00f3metros de distancia entre las dos riberas del r\u00edo Congo en tan solo 5 horas.<\/p>\n","protected":false},"author":16,"featured_media":52136,"comment_status":"closed","ping_status":"closed","sticky":false,"template":"","format":"standard","meta":[],"categories":[2,60],"tags":[],"acf":[],"_links":{"self":[{"href":"https:\/\/colimdo.org\/wp-api\/wp\/v2\/posts\/52135"}],"collection":[{"href":"https:\/\/colimdo.org\/wp-api\/wp\/v2\/posts"}],"about":[{"href":"https:\/\/colimdo.org\/wp-api\/wp\/v2\/types\/post"}],"author":[{"embeddable":true,"href":"https:\/\/colimdo.org\/wp-api\/wp\/v2\/users\/16"}],"replies":[{"embeddable":true,"href":"https:\/\/colimdo.org\/wp-api\/wp\/v2\/comments?post=52135"}],"version-history":[{"count":1,"href":"https:\/\/colimdo.org\/wp-api\/wp\/v2\/posts\/52135\/revisions"}],"predecessor-version":[{"id":52137,"href":"https:\/\/colimdo.org\/wp-api\/wp\/v2\/posts\/52135\/revisions\/52137"}],"wp:featuredmedia":[{"embeddable":true,"href":"https:\/\/colimdo.org\/wp-api\/wp\/v2\/media\/52136"}],"wp:attachment":[{"href":"https:\/\/colimdo.org\/wp-api\/wp\/v2\/media?parent=52135"}],"wp:term":[{"taxonomy":"category","embeddable":true,"href":"https:\/\/colimdo.org\/wp-api\/wp\/v2\/categories?post=52135"},{"taxonomy":"post_tag","embeddable":true,"href":"https:\/\/colimdo.org\/wp-api\/wp\/v2\/tags?post=52135"}],"curies":[{"name":"wp","href":"https:\/\/api.w.org\/{rel}","templated":true}]}}