{"id":52151,"date":"2019-04-25T15:54:48","date_gmt":"2019-04-25T15:54:48","guid":{"rendered":"https:\/\/colimdo.org\/?p=52151"},"modified":"2019-04-25T15:54:48","modified_gmt":"2019-04-25T15:54:48","slug":"republica-dominicana-participara-panamericano-triatlon-ecuador","status":"publish","type":"post","link":"https:\/\/colimdo.org\/noticias\/republica-dominicana-participara-panamericano-triatlon-ecuador\/","title":{"rendered":"Rep\u00fablica Dominicana participar\u00e1 en el Panamericano de Triatl\u00f3n de Ecuador"},"content":{"rendered":"<p class=\"m_-751588635154363036gmail-m3494729365967445627ydpac700b3yiv7817287855ydpfdd30c25msonormal\">El seleccionado nacional de triatl\u00f3n viaja a Ecuador para participar en el Campeonato Panamericano, clasificatorio para los Juegos Panamericanos de Per\u00fa 2019.<\/p>\n<p class=\"m_-751588635154363036gmail-m3494729365967445627ydpac700b3yiv7817287855ydpfdd30c25msonormal\">La delegaci\u00f3n est\u00e1 integrada por\u00a0<span lang=\"ES-TRAD\">Kevin Thomas Mart\u00ednez Fern\u00e1ndez, Camila Romero Taveras, Melvin Rafael Mart\u00ednez Fern\u00e1ndez,\u00a0 Karel Alexa Ram\u00edrez y Alexi Gabriel V\u00e1squez; Alfonso Gonzales Comendador, entrenador; y Franklin de la Cruz, presidente de la Federaci\u00f3n Dominicana de Triatl\u00f3n.<\/span><\/p>\n<p class=\"m_-751588635154363036gmail-m3494729365967445627ydpac700b3yiv7817287855ydpfdd30c25msonormal\"><span lang=\"ES-TRAD\">El evento tendr\u00e1 como sede la ciudad de Salina, Ecuador, y otorgar\u00e1 puntos a la clasificaci\u00f3n de los Juegos Panamericanos de Lima, Per\u00fa.<\/span><\/p>\n<p class=\"m_-751588635154363036gmail-m3494729365967445627ydpac700b3yiv7817287855ydpfdd30c25msonormal\"><span lang=\"ES-TRAD\">&#8220;Vamos a buscar puntos en este evento, para luego ir a los Juegos Panamericanos de Lima, Per\u00fa 2019&#8221;, apunt\u00f3 Franklin de la Cruz.<\/span><\/p>\n<p class=\"m_-751588635154363036gmail-m3494729365967445627ydpac700b3yiv7817287855ydpfdd30c25msonormal\"><span lang=\"ES-TRAD\">En ese sentido, dijo que los atletas est\u00e1n muy bien preparados, debido a su participaci\u00f3n en los principales eventos nacionales y en otros internacionales.<\/span><\/p>\n<p class=\"m_-751588635154363036gmail-m3494729365967445627ydpac700b3yiv7817287855ydpfdd30c25msonormal\"><span lang=\"ES-TRAD\">&#8220;Estoy confiado en que nuestros muchachos puedan hacer un buen trabajo frente a los dem\u00e1s competidores, para de esa forma seguir poniendo en alto el nombre de la Rep\u00fablica Dominicana&#8221;, apunt\u00f3.<\/span><\/p>\n","protected":false},"excerpt":{"rendered":"<p>El seleccionado nacional de triatl\u00f3n viaja a Ecuador para participar en el Campeonato Panamericano, clasificatorio para los Juegos Panamericanos de Per\u00fa 2019. La delegaci\u00f3n est\u00e1 integrada por\u00a0Kevin Thomas Mart\u00ednez Fern\u00e1ndez, Camila Romero Taveras, Melvin Rafael Mart\u00ednez Fern\u00e1ndez,\u00a0 Karel Alexa Ram\u00edrez y Alexi Gabriel V\u00e1squez; Alfonso Gonzales Comendador, entrenador; y Franklin de la Cruz, presidente de [&hellip;]<\/p>\n","protected":false},"author":9,"featured_media":52152,"comment_status":"closed","ping_status":"closed","sticky":false,"template":"","format":"standard","meta":[],"categories":[3,2,60],"tags":[],"acf":[],"_links":{"self":[{"href":"https:\/\/colimdo.org\/wp-api\/wp\/v2\/posts\/52151"}],"collection":[{"href":"https:\/\/colimdo.org\/wp-api\/wp\/v2\/posts"}],"about":[{"href":"https:\/\/colimdo.org\/wp-api\/wp\/v2\/types\/post"}],"author":[{"embeddable":true,"href":"https:\/\/colimdo.org\/wp-api\/wp\/v2\/users\/9"}],"replies":[{"embeddable":true,"href":"https:\/\/colimdo.org\/wp-api\/wp\/v2\/comments?post=52151"}],"version-history":[{"count":1,"href":"https:\/\/colimdo.org\/wp-api\/wp\/v2\/posts\/52151\/revisions"}],"predecessor-version":[{"id":52153,"href":"https:\/\/colimdo.org\/wp-api\/wp\/v2\/posts\/52151\/revisions\/52153"}],"wp:featuredmedia":[{"embeddable":true,"href":"https:\/\/colimdo.org\/wp-api\/wp\/v2\/media\/52152"}],"wp:attachment":[{"href":"https:\/\/colimdo.org\/wp-api\/wp\/v2\/media?parent=52151"}],"wp:term":[{"taxonomy":"category","embeddable":true,"href":"https:\/\/colimdo.org\/wp-api\/wp\/v2\/categories?post=52151"},{"taxonomy":"post_tag","embeddable":true,"href":"https:\/\/colimdo.org\/wp-api\/wp\/v2\/tags?post=52151"}],"curies":[{"name":"wp","href":"https:\/\/api.w.org\/{rel}","templated":true}]}}