{"id":52154,"date":"2019-04-25T15:56:46","date_gmt":"2019-04-25T15:56:46","guid":{"rendered":"https:\/\/colimdo.org\/?p=52154"},"modified":"2019-04-25T15:56:46","modified_gmt":"2019-04-25T15:56:46","slug":"fedona-celebra-asamblea-anual-ante-asociaciones-pais","status":"publish","type":"post","link":"https:\/\/colimdo.org\/noticias\/fedona-celebra-asamblea-anual-ante-asociaciones-pais\/","title":{"rendered":"Fedona celebra asamblea anual ante sus asociaciones de todo el pa\u00eds"},"content":{"rendered":"<p style=\"font-weight: 400;\">La Federaci\u00f3n Dominicana de Nataci\u00f3n celebr\u00f3 su asamblea anual general ordinaria, con la presencia de los representantes de las asociaciones de todo el pa\u00eds.<\/p>\n<p style=\"font-weight: 400;\">En dicha asamblea participaron representantes del Distrito Nacional, Santo Domingo, Santiago, San Crist\u00f3bal, Saman\u00e1, Hato Mayor, Barahona, Ban\u00ed y La Romana.<\/p>\n<p style=\"font-weight: 400;\">El comit\u00e9 ejecutivo estuvo representado por Radhames Tavarez, presidente; Henry Mej\u00eda, vicepresidente; Mar\u00eda Espinal, Francisco de la Rosa, Margarita Jaquez, Jos\u00e9 Manuel Martich, Luchy Dom\u00ednguez, Pen\u00e9lope M\u00e9ndez, Juan Canela.<\/p>\n<p style=\"font-weight: 400;\">Como representante del Comit\u00e9 Ol\u00edmpico estuvo presente Jos\u00e9 Luis Ram\u00edrez.<\/p>\n<p style=\"font-weight: 400;\">Durante el encuentro, Radhames Tavarez, presidente de la Fedona, present\u00f3 informe de gesti\u00f3n, iniciando con los logros de los atletas en los Juegos Centroamericanos y del Caribe, en nataci\u00f3n lisa y clavados, obteniendo medallas despu\u00e9s de muchos a\u00f1os, de igual manera reconoci\u00f3 la labor de la Asonadina y Asonasa, especialmente en la organizaci\u00f3n en los Juegos Nacionales 2018.<\/p>\n<p style=\"font-weight: 400;\">Mientras que Jos\u00e9 Luis Ram\u00edrez, tesorero del COD, exhort\u00f3 a todos los presentes para que apoyen los pr\u00f3ximos Juegos Nacionales.<\/p>\n<p style=\"font-weight: 400;\">Luego se podreci\u00f3 a dar lectura del informe econ\u00f3mico, resaltando el apoyo del Ministerio de Deporte y a la misma Fedona.<\/p>\n<p style=\"font-weight: 400;\">Los presentes dieron formal descargo al tesorero de Fedona. Al finalizar se presentaron los proyectos para el 2019, enfocados en los Juegos Panamericanos de Lima 2019 y el Mundial de Nataci\u00f3n de Korea.<\/p>\n","protected":false},"excerpt":{"rendered":"<p>La Federaci\u00f3n Dominicana de Nataci\u00f3n celebr\u00f3 su asamblea anual general ordinaria, con la presencia de los representantes de las asociaciones de todo el pa\u00eds. En dicha asamblea participaron representantes del Distrito Nacional, Santo Domingo, Santiago, San Crist\u00f3bal, Saman\u00e1, Hato Mayor, Barahona, Ban\u00ed y La Romana. El comit\u00e9 ejecutivo estuvo representado por Radhames Tavarez, presidente; Henry [&hellip;]<\/p>\n","protected":false},"author":9,"featured_media":52155,"comment_status":"closed","ping_status":"closed","sticky":false,"template":"","format":"standard","meta":[],"categories":[3,2,60],"tags":[],"acf":[],"_links":{"self":[{"href":"https:\/\/colimdo.org\/wp-api\/wp\/v2\/posts\/52154"}],"collection":[{"href":"https:\/\/colimdo.org\/wp-api\/wp\/v2\/posts"}],"about":[{"href":"https:\/\/colimdo.org\/wp-api\/wp\/v2\/types\/post"}],"author":[{"embeddable":true,"href":"https:\/\/colimdo.org\/wp-api\/wp\/v2\/users\/9"}],"replies":[{"embeddable":true,"href":"https:\/\/colimdo.org\/wp-api\/wp\/v2\/comments?post=52154"}],"version-history":[{"count":1,"href":"https:\/\/colimdo.org\/wp-api\/wp\/v2\/posts\/52154\/revisions"}],"predecessor-version":[{"id":52156,"href":"https:\/\/colimdo.org\/wp-api\/wp\/v2\/posts\/52154\/revisions\/52156"}],"wp:featuredmedia":[{"embeddable":true,"href":"https:\/\/colimdo.org\/wp-api\/wp\/v2\/media\/52155"}],"wp:attachment":[{"href":"https:\/\/colimdo.org\/wp-api\/wp\/v2\/media?parent=52154"}],"wp:term":[{"taxonomy":"category","embeddable":true,"href":"https:\/\/colimdo.org\/wp-api\/wp\/v2\/categories?post=52154"},{"taxonomy":"post_tag","embeddable":true,"href":"https:\/\/colimdo.org\/wp-api\/wp\/v2\/tags?post=52154"}],"curies":[{"name":"wp","href":"https:\/\/api.w.org\/{rel}","templated":true}]}}