{"id":52157,"date":"2019-04-25T15:58:40","date_gmt":"2019-04-25T15:58:40","guid":{"rendered":"https:\/\/colimdo.org\/?p=52157"},"modified":"2019-04-25T15:58:40","modified_gmt":"2019-04-25T15:58:40","slug":"atletismo-prepara-conferencias-este-viernes-antidopaje-atletas","status":"publish","type":"post","link":"https:\/\/colimdo.org\/noticias\/atletismo-prepara-conferencias-este-viernes-antidopaje-atletas\/","title":{"rendered":"Atletismo prepara conferencias este viernes sobre antidopaje a sus atletas"},"content":{"rendered":"<div>La Federaci\u00f3n Dominicana de Atletismo celebrara este viernes una Jornada de Prevenci\u00f3n y Educaci\u00f3n sobre Anti-Dopaje a partir de las nueve y 30 de la ma\u00f1ana en el Centro de Capacitaci\u00f3n del Ministerio de Deportes en el Centro Ol\u00edmpico Juan Pablo Duarte.<\/div>\n<div><\/div>\n<div>La informaci\u00f3n la dio a conocer el presidente de la Federaci\u00f3n Dominicana de Atletismo, exatleta ol\u00edmpico, Gerardo Suero Correa.<\/div>\n<div><\/div>\n<div>Expuso que la Federaci\u00f3n Internacional de Atletismo est\u00e1 bien interesada en todos sus atletas de los diferentes pa\u00edses reciban este tipo de charlas educacionales sobre ese palpitante tema.<\/div>\n<div>Coment\u00f3 que se dar\u00e1n dos conferencias, una titulada la\u00a0Prevenci\u00f3n y Educaci\u00f3n sobre Anti-Dopaje y la segunda, Orientaciones Nutricionales para el Alto Rendimiento Deportivo.<\/div>\n<div><\/div>\n<div>Indico que la actividad tambi\u00e9n la auspician los programas de Solidaridad Ol\u00edmpica, del COD, Agencia Nacional Antidopaje (ONAD-RD) y la Federaci\u00f3n Dominicana de Medicina Deportiva de la Rep\u00fablica Dominicana.<\/div>\n<div><\/div>\n<div>Indico que los expositores ser\u00e1n los doctores Laura Anabel Pinedo, Coordinadora de Educaci\u00f3n Antidopaje de OND-RD, y el doctor Francisco Soto Carrasco, Coordinador Nutricional Deportiva de FEDOMEDE.<\/div>\n","protected":false},"excerpt":{"rendered":"<p>La Federaci\u00f3n Dominicana de Atletismo celebrara este viernes una Jornada de Prevenci\u00f3n y Educaci\u00f3n sobre Anti-Dopaje a partir de las nueve y 30 de la ma\u00f1ana en el Centro de Capacitaci\u00f3n del Ministerio de Deportes en el Centro Ol\u00edmpico Juan Pablo Duarte. La informaci\u00f3n la dio a conocer el presidente de la Federaci\u00f3n Dominicana de [&hellip;]<\/p>\n","protected":false},"author":9,"featured_media":52158,"comment_status":"closed","ping_status":"closed","sticky":false,"template":"","format":"standard","meta":[],"categories":[3,2,60],"tags":[],"acf":[],"_links":{"self":[{"href":"https:\/\/colimdo.org\/wp-api\/wp\/v2\/posts\/52157"}],"collection":[{"href":"https:\/\/colimdo.org\/wp-api\/wp\/v2\/posts"}],"about":[{"href":"https:\/\/colimdo.org\/wp-api\/wp\/v2\/types\/post"}],"author":[{"embeddable":true,"href":"https:\/\/colimdo.org\/wp-api\/wp\/v2\/users\/9"}],"replies":[{"embeddable":true,"href":"https:\/\/colimdo.org\/wp-api\/wp\/v2\/comments?post=52157"}],"version-history":[{"count":1,"href":"https:\/\/colimdo.org\/wp-api\/wp\/v2\/posts\/52157\/revisions"}],"predecessor-version":[{"id":52159,"href":"https:\/\/colimdo.org\/wp-api\/wp\/v2\/posts\/52157\/revisions\/52159"}],"wp:featuredmedia":[{"embeddable":true,"href":"https:\/\/colimdo.org\/wp-api\/wp\/v2\/media\/52158"}],"wp:attachment":[{"href":"https:\/\/colimdo.org\/wp-api\/wp\/v2\/media?parent=52157"}],"wp:term":[{"taxonomy":"category","embeddable":true,"href":"https:\/\/colimdo.org\/wp-api\/wp\/v2\/categories?post=52157"},{"taxonomy":"post_tag","embeddable":true,"href":"https:\/\/colimdo.org\/wp-api\/wp\/v2\/tags?post=52157"}],"curies":[{"name":"wp","href":"https:\/\/api.w.org\/{rel}","templated":true}]}}