{"id":52160,"date":"2019-04-25T19:00:47","date_gmt":"2019-04-25T19:00:47","guid":{"rendered":"https:\/\/colimdo.org\/?p=52160"},"modified":"2019-04-25T19:00:47","modified_gmt":"2019-04-25T19:00:47","slug":"atletismo-celebrara-sabado-torneos-regionales-norte-1","status":"publish","type":"post","link":"https:\/\/colimdo.org\/noticias\/atletismo-celebrara-sabado-torneos-regionales-norte-1\/","title":{"rendered":"Atletismo celebrar\u00e1 el s\u00e1bado Torneos regionales Norte 1"},"content":{"rendered":"<p style=\"font-weight: 400;\"><strong>HERMANAS MIRABAL, SALCEDO<\/strong>. La Federaci\u00f3n Dominicana de Asociaciones de Atletismo (FDAA) celebrar\u00e1 ma\u00f1ana, s\u00e1bado, en esta ciudad el Torneo Regional en Edad Escolar, Sub-20 y Superior Norte 1.<\/p>\n<p style=\"font-weight: 400;\">Doscientos sesenta atletas de los tres niveles competir\u00e1n por los m\u00e1ximos honores del certamen que tendr\u00e1 como escenario la pista de atletismo provincial que en diciembre pasado alberg\u00f3 las competencias de los Juegos Deportivos Nacionales Hermanas Mirabal.<\/p>\n<p style=\"font-weight: 400;\">As\u00ed lo comunic\u00f3 a la prensa el presidente de la FDAA, licenciado Gerardo Suero Correa, quien explic\u00f3 que s\u00f3lo actuar\u00e1n atletas de las provincias que conforman el Cibao Central. Indico que se celebrar\u00e1 conjuntamente con la Asociaci\u00f3n de Atletismo de Hermanas Mirabal.<\/p>\n<p style=\"font-weight: 400;\">Se refiri\u00f3 a las provincias del Nordeste, como Monse\u00f1or Nouel, La Vega, Salcedo, Espaillat, San Francisco de Macor\u00eds, Mar\u00eda Trinidad S\u00e1nchez y Saman\u00e1.<\/p>\n<p style=\"font-weight: 400;\">Expres\u00f3 que el certamen de un solo d\u00eda se celebrar\u00e1 desde las 9:00 de la ma\u00f1ana cuando se corran los 5,000 metros de la categor\u00eda superior, en ambas ramas.<\/p>\n<p style=\"font-weight: 400;\">Record\u00f3 que los torneos en edad escolar abarcan desde los 14 hasta los 17 a\u00f1os, el sub-20 entre 18 y 19 y que el superior no tiene l\u00edmite de edad.<\/p>\n<p style=\"font-weight: 400;\">\u201cDesde 14 a 19 a\u00f1os se competir\u00e1 en impulso de la bala, salto alto, 100, 200, 400 y 800 metros planos, salto largo y lanzamiento de jabalina\u201d,\u00a0\u00a0indic\u00f3 el dirigente federado, al tiempo de Correa, al tiempo que destac\u00f3 que el certamen tiene el respaldo del Ministerio de Deportes y de los Bonos Ol\u00edmpicos de la Federaci\u00f3n Internacional de Atletismo (IAAF).<\/p>\n<p style=\"font-weight: 400;\">Mientras que en superior, adem\u00e1s de 5,000 y 1,500 metros, los atletas \u00e9lites buscar\u00e1n las medallas de oro, plata y bronce en salto largo, impulso de la bala, 100, 200, 400 y 800 metros planos, respectivamente.<\/p>\n<p style=\"font-weight: 400;\">\u201cTodos est\u00e1 preparado t\u00e9cnica y competitivamente. Ser\u00e1 un importante evento en el que los atletas del Nordeste van preparados para tener el mejor desempe\u00f1o posible para sus respectivas provincias\u201d, concluy\u00f3 Gerardo Suero Correa.<\/p>\n","protected":false},"excerpt":{"rendered":"<p>HERMANAS MIRABAL, SALCEDO. La Federaci\u00f3n Dominicana de Asociaciones de Atletismo (FDAA) celebrar\u00e1 ma\u00f1ana, s\u00e1bado, en esta ciudad el Torneo Regional en Edad Escolar, Sub-20 y Superior Norte 1. Doscientos sesenta atletas de los tres niveles competir\u00e1n por los m\u00e1ximos honores del certamen que tendr\u00e1 como escenario la pista de atletismo provincial que en diciembre pasado [&hellip;]<\/p>\n","protected":false},"author":9,"featured_media":52161,"comment_status":"closed","ping_status":"closed","sticky":false,"template":"","format":"standard","meta":[],"categories":[2,60],"tags":[],"acf":[],"_links":{"self":[{"href":"https:\/\/colimdo.org\/wp-api\/wp\/v2\/posts\/52160"}],"collection":[{"href":"https:\/\/colimdo.org\/wp-api\/wp\/v2\/posts"}],"about":[{"href":"https:\/\/colimdo.org\/wp-api\/wp\/v2\/types\/post"}],"author":[{"embeddable":true,"href":"https:\/\/colimdo.org\/wp-api\/wp\/v2\/users\/9"}],"replies":[{"embeddable":true,"href":"https:\/\/colimdo.org\/wp-api\/wp\/v2\/comments?post=52160"}],"version-history":[{"count":1,"href":"https:\/\/colimdo.org\/wp-api\/wp\/v2\/posts\/52160\/revisions"}],"predecessor-version":[{"id":52162,"href":"https:\/\/colimdo.org\/wp-api\/wp\/v2\/posts\/52160\/revisions\/52162"}],"wp:featuredmedia":[{"embeddable":true,"href":"https:\/\/colimdo.org\/wp-api\/wp\/v2\/media\/52161"}],"wp:attachment":[{"href":"https:\/\/colimdo.org\/wp-api\/wp\/v2\/media?parent=52160"}],"wp:term":[{"taxonomy":"category","embeddable":true,"href":"https:\/\/colimdo.org\/wp-api\/wp\/v2\/categories?post=52160"},{"taxonomy":"post_tag","embeddable":true,"href":"https:\/\/colimdo.org\/wp-api\/wp\/v2\/tags?post=52160"}],"curies":[{"name":"wp","href":"https:\/\/api.w.org\/{rel}","templated":true}]}}