{"id":52183,"date":"2019-04-25T22:28:32","date_gmt":"2019-04-25T22:28:32","guid":{"rendered":"https:\/\/colimdo.org\/?p=52183"},"modified":"2019-04-25T22:31:23","modified_gmt":"2019-04-25T22:31:23","slug":"udesa-entregara-premio-anual-panchon-tejada-infantil-juvenil","status":"publish","type":"post","link":"https:\/\/colimdo.org\/noticias\/udesa-entregara-premio-anual-panchon-tejada-infantil-juvenil\/","title":{"rendered":"UDESA entregar\u00e1 premio anual &#8220;Panch\u00f3n Tejada&#8221; infantil y juvenil"},"content":{"rendered":"<p><strong>SANTIAGO.<\/strong>\u00a0La Uni\u00f3n Deportiva de Santiago, Inc. (UDESA) dio a conocer que galardonar\u00e1 un total de 85 atletas infantiles y juveniles, de 26 disciplinas en la gran gala XI Premio &#8220;Panch\u00f3n Tejada&#8221;, que ser\u00e1 realizada el pr\u00f3ximo martes 30 de abril desde las cinco de la tarde en la sala Don Manuel Arsenio Ure\u00f1a, de la Universidad Tecnol\u00f3gica de Santiago (UTESA).<\/p>\n<p><span style=\"font-style: inherit; font-weight: inherit;\">\u00a0El se\u00f1or Severiano Rosa, presidente de la UDESA, record\u00f3 que en la actividad se reconocer\u00e1n los integrantes de la delegaci\u00f3n de Santiago que particip\u00f3 en los pasados Juegos Centroamericanos y del Caribe de Barranquilla, Colombia y tiene una dedicatoria especial al t\u00e9cnico deportivo, Ren\u00e9 Rosario, as\u00ed como a la juez-\u00e1rbitro internacional de boxeo, Carmen V\u00e9lez y al cronista deportivo, Ruperto Ruck, quienes ser\u00e1n galardonados por su aporte al deporte.<\/span><\/p>\n<p><span style=\"font-style: inherit; font-weight: inherit;\">\u00a0De igual manera, adem\u00e1s de los 85 atletas, masculinos y femeninos, ser\u00e1n premiados los cuatro m\u00e1s distinguidos, as\u00ed como\u00a0la asociaci\u00f3n y un entrenador de las propuestas presentadas por sus respectivas asociaciones, son ellos Miguel -Guelo- P\u00e9rez, de boxeo; Marcos Rodr\u00edguez, de deportes especiales; Edward Arturo Acevedo, de f\u00fatbol; Fracisco Cruz, de Kick Boxing; Omar De Le\u00f3n de taekwando; Iv\u00e1n Lamor\u00fa, de Gimnasia y Jos\u00e9 Manuel Estrella, de tenis de campo.<\/span><\/p>\n<p><span style=\"font-style: inherit; font-weight: inherit;\">\u00a0Los 85 atletas que ser\u00e1n galardonados, son:\u00a0<strong>Ajedrez<\/strong>\u00a0infantil Reynier Polanco y juvenil Christopher Payero;\u00a0<strong>Arte y Cultura<\/strong>\u00a0infantil, Braylin Jos\u00e9 Cerda y Brianny Garc\u00eda; juvenil, Emiliany Garc\u00eda y Jos\u00e9 Rafael P\u00e9rez;\u00a0<strong>Atletismo<\/strong>\u00a0infantil, Samuel Peralta y Nicol Rosa; juvenil, Ranc\u00e9s Rodr\u00edguez y Jennypher Tejada Sosa;\u00a0<\/span><strong><span style=\"font-style: inherit; font-weight: inherit;\">Balonmano<\/span><\/strong><span style=\"font-style: inherit; font-weight: inherit;\">\u00a0infantil, M\u00e9lany Rodr\u00edguez Silverio y Christopher Albert Jorge Jim\u00e9nez; juvenil, Carmen Marina Ferreira Peralta y Michell Alberto Aybar Dur\u00e1n;\u00a0<strong>B\u00e9isbol\u00a0<\/strong>infantil, Nathanael Col\u00f3n y juvenil, Cherl\u00edn Rivas;\u00a0<strong>Boxeo<\/strong>\u00a0infantil, Novoalbert N\u00fa\u00f1ez y juvenil, Ezequiel Mart\u00ednez;\u00a0<strong>Ciclismo\u00a0<\/strong>infantil, Fraini Casimiro y juvenil, Samuel De Jes\u00fas N\u00fa\u00f1ez Pe\u00f1a.\u00a0\u00a0\u00a0\u00a0\u00a0\u00a0\u00a0\u00a0\u00a0\u00a0\u00a0\u00a0\u00a0\u00a0\u00a0\u00a0\u00a0\u00a0\u00a0\u00a0\u00a0\u00a0\u00a0\u00a0\u00a0\u00a0\u00a0\u00a0\u00a0\u00a0\u00a0\u00a0\u00a0\u00a0\u00a0\u00a0\u00a0\u00a0\u00a0\u00a0\u00a0\u00a0\u00a0\u00a0\u00a0\u00a0\u00a0\u00a0\u00a0\u00a0\u00a0\u00a0\u00a0\u00a0\u00a0\u00a0\u00a0\u00a0\u00a0\u00a0\u00a0\u00a0\u00a0\u00a0\u00a0\u00a0\u00a0\u00a0\u00a0\u00a0\u00a0\u00a0\u00a0\u00a0\u00a0<\/span><\/p>\n<p><span style=\"font-style: inherit; font-weight: inherit;\"><strong>Deportes Especiales<\/strong>\u00a0infantil, Angel V\u00e1squez y Karent V\u00e1squez; juvenil, Ariel Minaya y Natividad Peguero;\u00a0<strong>F\u00fatbol<\/strong>\u00a0infantil, C\u00e9sar Augusto Pichardo Alba y Gabriela Checo; juvenil, Nicaury Fern\u00e1ndez Almonte y Enzo Rafael Guzm\u00e1n Espinal;\u00a0<strong>Gimnasia<\/strong>\u00a0infantil, Dylan Reyes y Avy Esther Reyez; juvenil, Diana P\u00e9rez y Luke Pedersen;\u00a0<strong>Hockey<\/strong>\u00a0infantil, Rony Gabriel Ure\u00f1a Flori\u00e1n y Leticia N\u00fa\u00f1ez; juvenil, Omarbely Alex\u00e1nder Valerio y Karla Mar\u00eda Rodr\u00edguez;\u00a0<strong>Judo<\/strong>\u00a0infantil, Escarlett Jim\u00e9nez y Wilmer Grull\u00f3n; juvenil, Brayan D\u00edaz;\u00a0<strong>Damas<\/strong>\u00a0juvenil, Rerdward Paulino Cabrera y Alexandra Rosario;\u00a0<strong>Karate<\/strong>\u00a0infantil, Nixon Rom\u00e1n y Cristal Veras; juvenil, Oliver Belliard y Sara\u00eds B\u00e1ez;\u00a0<strong>Kick Boxing<\/strong>\u00a0infantil, Dami\u00e1n Joao Corsino; juvenil, Marcos David Lockward y Linette Mariana Cruz.<\/span><\/p>\n<p><span style=\"font-style: inherit; font-weight: inherit;\">\u00a0\u00a0<strong>Levantamiento de pesas<\/strong>\u00a0infantil, Aaron Hoodsey Robles D\u00edaz y juvenil, Erwin Hoodsey Robles D\u00edaz;\u00a0<strong>Lucha infantil<\/strong>, Juan Gabriel Mart\u00ednez y Dareisy Paola Hern\u00e1ndez Ozoria<strong>;\u00a0<\/strong>juvenil, Orlandy Bautista y Ashley Morillo Ceballos;\u00a0<strong>Nataci\u00f3n<\/strong>\u00a0infantil, Mauricio Espejo Pe\u00f1a y Delia Llenas; juvenil, Ernesto D\u00edaz y Darielys Ortiz;\u00a0<strong>Patinaje<\/strong>, Omerline Ortega y Noelia Arjona; juvenil, Lu\u00eds Garc\u00eda y Esmeralda Rodr\u00edguez.<\/span><\/p>\n<p><span style=\"font-style: inherit; font-weight: inherit;\">\u00a0\u00a0<strong>Softbol<\/strong>\u00a0juvenil, Wailly Rivas Gabino y Elisabeth L\u00f3pez;\u00a0<strong>Taekwondo<\/strong>\u00a0infantil, Brayan Contreras y Cariani Isabel Santos Checo; juvenil, Manny Silverio y Katherine Menc\u00edas;\u00a0<strong>Tenis de Campo<\/strong>\u00a0infantil, George P\u00e9rez y Jezabel Rodr\u00edguez Dilon\u00e9; juvenil, Alejandro Jos\u00e9 Gandini Taveras y Keisy Minaya Mena;\u00a0<strong>Tenis de Mesa<\/strong>\u00a0infantil, Ram\u00f3n Vila y Arianna Estrella; juvenil, Marcos Tavares y Cinthia Pe\u00f1a;\u00a0<strong>Tiro con Arco\u00a0<\/strong>juvenil, Rub\u00e9n Jim\u00e9nez y Ana Steffany Fabi\u00e1n;\u00a0<strong>Triatl\u00f3n<\/strong>\u00a0infantil, Ariana Trouillot; juvenil, Jimena Fern\u00e1ndez y Lu\u00eds David Brito;\u00a0<strong>Volibol\u00a0<\/strong>infantil, Mar\u00eda Esther de la Rosa y Alfy Cruz; juvenil, Josu\u00e9 Samuel Sierra y Naony Moya.<\/span><\/p>\n","protected":false},"excerpt":{"rendered":"<p>La gala ser\u00e1 el pr\u00f3ximo martes 30 de abril desde las cinco de la tarde en la sala Don Manuel Arsenio Ure\u00f1a, de la Universidad Tecnol\u00f3gica de Santiago (UTESA).<\/p>\n","protected":false},"author":13,"featured_media":52184,"comment_status":"closed","ping_status":"closed","sticky":false,"template":"","format":"standard","meta":[],"categories":[2,60],"tags":[],"acf":[],"_links":{"self":[{"href":"https:\/\/colimdo.org\/wp-api\/wp\/v2\/posts\/52183"}],"collection":[{"href":"https:\/\/colimdo.org\/wp-api\/wp\/v2\/posts"}],"about":[{"href":"https:\/\/colimdo.org\/wp-api\/wp\/v2\/types\/post"}],"author":[{"embeddable":true,"href":"https:\/\/colimdo.org\/wp-api\/wp\/v2\/users\/13"}],"replies":[{"embeddable":true,"href":"https:\/\/colimdo.org\/wp-api\/wp\/v2\/comments?post=52183"}],"version-history":[{"count":1,"href":"https:\/\/colimdo.org\/wp-api\/wp\/v2\/posts\/52183\/revisions"}],"predecessor-version":[{"id":52185,"href":"https:\/\/colimdo.org\/wp-api\/wp\/v2\/posts\/52183\/revisions\/52185"}],"wp:featuredmedia":[{"embeddable":true,"href":"https:\/\/colimdo.org\/wp-api\/wp\/v2\/media\/52184"}],"wp:attachment":[{"href":"https:\/\/colimdo.org\/wp-api\/wp\/v2\/media?parent=52183"}],"wp:term":[{"taxonomy":"category","embeddable":true,"href":"https:\/\/colimdo.org\/wp-api\/wp\/v2\/categories?post=52183"},{"taxonomy":"post_tag","embeddable":true,"href":"https:\/\/colimdo.org\/wp-api\/wp\/v2\/tags?post=52183"}],"curies":[{"name":"wp","href":"https:\/\/api.w.org\/{rel}","templated":true}]}}