{"id":52201,"date":"2019-04-26T02:34:40","date_gmt":"2019-04-26T02:34:40","guid":{"rendered":"https:\/\/colimdo.org\/?p=52201"},"modified":"2019-04-26T02:34:52","modified_gmt":"2019-04-26T02:34:52","slug":"cuba-uso-poderosos-saques-dominar-rd-panam-voleibol-sub-19","status":"publish","type":"post","link":"https:\/\/colimdo.org\/noticias\/cuba-uso-poderosos-saques-dominar-rd-panam-voleibol-sub-19\/","title":{"rendered":"Cuba us\u00f3 poderosos saques para\u00a0dominar a RD en Panam de Voleibol Sub-19"},"content":{"rendered":"<p>SANTO DOMINGO, Rep\u00fablica Dominicana, 25 de abril, 2019 \u2013 Cuba mejor\u00f3 a 2-0 su record de ganados y perdidos en el Grupo A de la Copa Panamericana de Voleibol Masculino Sub-19 tras vencer categ\u00f3ricamente al anfitri\u00f3n Rep\u00fablica Dominicana en instancias consecutivas este jueves en el Pabell\u00f3n Ricardo Georiber Arias de Santo Domingo.<\/p>\n<p>Cuba, ya clasificada para el Campeonato Mundial de Varones FIVB a jugarse en T\u00fanez el pr\u00f3ximo agosto, reclam\u00f3 un triunfo 3-0 (25-16, 25-17, 25-16). Los dominicanos nivelaron su marca en 1-1.<\/p>\n<p>Cuba domin\u00f3 en todas las categor\u00edas de puntuaci\u00f3n con ventajas de 8-2 en bloqueos, 11-5 en ases y 38-22 en ataques. Los ganadores cometieron 19 errores no forzados y los perdedores terminaron con 17.<\/p>\n<p>Jos\u00e9 Miguel Guti\u00e9rrez encabez\u00f3 a Cuba con 14 puntos, incluyendo cuatro ases, y recibi\u00f3 apoyo de Luis Allen con 13 y Victor Andreu con 10. El armador Christian Thondike termin\u00f3 con 8, incluyendo cinco ases.<\/p>\n<p>Fuhit Edouard tuvo 14 puntos como el \u00fanico jugador dominicano que alcanz\u00f3 los dobles d\u00edgitos en la puntuaci\u00f3n.<\/p>\n<p>Mario Izquierdo, entrenador de Cuba: \u201cEl equipo dominicano con un nivel un poco m\u00e1s alto que Nicaragua. Siempre respetando al oponente, pudimos traer el trabajo que hab\u00edamos hecho durante el entrenamiento en la ma\u00f1ana. Por supuesto, continuamos con el objetivo de esta competencia que es ganarla&#8221;.<\/p>\n<p>Loren Rodr\u00edguez, entrenador de Rep\u00fablica Dominicana: \u201cCuba es un oponente que est\u00e1 en el ranking mundial de esta clase. Nuestros jugadores j\u00f3venes salieron a jugar al coraz\u00f3n, pero hubo algunos aspectos t\u00e1cticos que no pudimos alcanzar debido al nivel de Cuba. Estoy seguro de que los muchachos jugar\u00e1n m\u00e1s sueltos en los pr\u00f3ximos partidos&#8221;.<\/p>\n","protected":false},"excerpt":{"rendered":"<p>Cuba, ya clasificada para el Campeonato Mundial de Varones FIVB a jugarse en T\u00fanez el pr\u00f3ximo agosto, reclam\u00f3 un triunfo 3-0 (25-16, 25-17, 25-16). Los dominicanos nivelaron su marca en 1-1.<\/p>\n","protected":false},"author":16,"featured_media":52202,"comment_status":"closed","ping_status":"closed","sticky":false,"template":"","format":"standard","meta":[],"categories":[2,60],"tags":[],"acf":[],"_links":{"self":[{"href":"https:\/\/colimdo.org\/wp-api\/wp\/v2\/posts\/52201"}],"collection":[{"href":"https:\/\/colimdo.org\/wp-api\/wp\/v2\/posts"}],"about":[{"href":"https:\/\/colimdo.org\/wp-api\/wp\/v2\/types\/post"}],"author":[{"embeddable":true,"href":"https:\/\/colimdo.org\/wp-api\/wp\/v2\/users\/16"}],"replies":[{"embeddable":true,"href":"https:\/\/colimdo.org\/wp-api\/wp\/v2\/comments?post=52201"}],"version-history":[{"count":2,"href":"https:\/\/colimdo.org\/wp-api\/wp\/v2\/posts\/52201\/revisions"}],"predecessor-version":[{"id":52204,"href":"https:\/\/colimdo.org\/wp-api\/wp\/v2\/posts\/52201\/revisions\/52204"}],"wp:featuredmedia":[{"embeddable":true,"href":"https:\/\/colimdo.org\/wp-api\/wp\/v2\/media\/52202"}],"wp:attachment":[{"href":"https:\/\/colimdo.org\/wp-api\/wp\/v2\/media?parent=52201"}],"wp:term":[{"taxonomy":"category","embeddable":true,"href":"https:\/\/colimdo.org\/wp-api\/wp\/v2\/categories?post=52201"},{"taxonomy":"post_tag","embeddable":true,"href":"https:\/\/colimdo.org\/wp-api\/wp\/v2\/tags?post=52201"}],"curies":[{"name":"wp","href":"https:\/\/api.w.org\/{rel}","templated":true}]}}