{"id":52216,"date":"2019-04-26T15:16:38","date_gmt":"2019-04-26T15:16:38","guid":{"rendered":"https:\/\/colimdo.org\/?p=52216"},"modified":"2019-04-26T15:21:01","modified_gmt":"2019-04-26T15:21:01","slug":"haran-este-sabado-torneo-nacional-basket-3x3","status":"publish","type":"post","link":"https:\/\/colimdo.org\/noticias\/haran-este-sabado-torneo-nacional-basket-3x3\/","title":{"rendered":"Har\u00e1n este s\u00e1bado torneo nacional de basket 3&#215;3"},"content":{"rendered":"<p class=\"x_MsoNormal\">SANTO DOMINGO. La Federaci\u00f3n Dominicana de Baloncesto (Fedombal) y la Comisi\u00f3n Nacional de Basket 3&#215;3 celebrar\u00e1n este s\u00e1bado el torneo masculino y femenino U-18 de esa modalidad, en las canchas abiertas del Centro Ol\u00edmpico Juan Pablo Duarte.<\/p>\n<p class=\"x_MsoNormal\">Elka Jim\u00e9nez, coordinadora de la Comisi\u00f3n Nacional de Basket 3&#215;3 de la Fedombal, inform\u00f3 que el certamen para j\u00f3venes de 18 a\u00f1os o menos est\u00e1 programado a inaugurarse a las 9:00 de la ma\u00f1ana en la referida instalaci\u00f3n.<\/p>\n<p class=\"x_MsoNormal\">Jim\u00e9nez destac\u00f3 la dedicatoria de este evento, en una modalidad de naciente impulso en el pa\u00eds, al empresario Rafael -Raffy- Paz, por ser un firme colaborador de la disciplina del aro y el bal\u00f3n.<\/p>\n<p class=\"x_MsoNormal\">Valor\u00f3 el apoyo que le ha dado el ingeniero Rafael Uribe, presidente de Fedombal, a esta especialidad del baloncesto que ya tiene categor\u00eda ol\u00edmpica.<\/p>\n<p class=\"x_MsoNormal\">Dijo que estar\u00e1n participando las selecciones provinciales de todo el pa\u00eds, tanto en masculino y femenino, producto del esfuerzo de todas las Asociaciones afiliadas a Fedombal.<\/p>\n<p class=\"x_MsoNormal\">Adelant\u00f3 Elka Jim\u00e9nez adelant\u00f3 que los talentos que cumplan con los requisitos podr\u00e1n ser tomados en cuenta para las selecciones nacionales U-18 en cada rama del baloncesto.<\/p>\n","protected":false},"excerpt":{"rendered":"<p>El torneo est\u00e1  dedicado a Raffy Paz y ser\u00e1 en el Centro Ol\u00edmpico.<\/p>\n","protected":false},"author":16,"featured_media":52219,"comment_status":"closed","ping_status":"closed","sticky":false,"template":"","format":"standard","meta":[],"categories":[2,60],"tags":[],"acf":[],"_links":{"self":[{"href":"https:\/\/colimdo.org\/wp-api\/wp\/v2\/posts\/52216"}],"collection":[{"href":"https:\/\/colimdo.org\/wp-api\/wp\/v2\/posts"}],"about":[{"href":"https:\/\/colimdo.org\/wp-api\/wp\/v2\/types\/post"}],"author":[{"embeddable":true,"href":"https:\/\/colimdo.org\/wp-api\/wp\/v2\/users\/16"}],"replies":[{"embeddable":true,"href":"https:\/\/colimdo.org\/wp-api\/wp\/v2\/comments?post=52216"}],"version-history":[{"count":1,"href":"https:\/\/colimdo.org\/wp-api\/wp\/v2\/posts\/52216\/revisions"}],"predecessor-version":[{"id":52218,"href":"https:\/\/colimdo.org\/wp-api\/wp\/v2\/posts\/52216\/revisions\/52218"}],"wp:featuredmedia":[{"embeddable":true,"href":"https:\/\/colimdo.org\/wp-api\/wp\/v2\/media\/52219"}],"wp:attachment":[{"href":"https:\/\/colimdo.org\/wp-api\/wp\/v2\/media?parent=52216"}],"wp:term":[{"taxonomy":"category","embeddable":true,"href":"https:\/\/colimdo.org\/wp-api\/wp\/v2\/categories?post=52216"},{"taxonomy":"post_tag","embeddable":true,"href":"https:\/\/colimdo.org\/wp-api\/wp\/v2\/tags?post=52216"}],"curies":[{"name":"wp","href":"https:\/\/api.w.org\/{rel}","templated":true}]}}