{"id":52223,"date":"2019-04-26T15:28:07","date_gmt":"2019-04-26T15:28:07","guid":{"rendered":"https:\/\/colimdo.org\/?p=52223"},"modified":"2019-04-26T15:28:07","modified_gmt":"2019-04-26T15:28:07","slug":"inauguraran-clasico-baloncesto-villaduartiano","status":"publish","type":"post","link":"https:\/\/colimdo.org\/noticias\/inauguraran-clasico-baloncesto-villaduartiano\/","title":{"rendered":"Inaugurar\u00e1n Cl\u00e1sico de Baloncesto Villaduartiano"},"content":{"rendered":"<p style=\"font-weight: 400;\">El Comit\u00e9 Organizador del V Cl\u00e1sico de Baloncesto Villaduartiano anunci\u00f3 la inauguraci\u00f3n para este s\u00e1bado con los tradicionales seis equipos, en la cancha del club Sans Souc\u00ed, en el sector El Pensador en el municipio Santo Domingo Este.<\/p>\n<p style=\"font-weight: 400;\">Kieseriztky Ortiz, del club anfitri\u00f3n de Sans Souc\u00ed, inform\u00f3 que la ceremonia de apertura ser\u00e1 efectuada a partir de las 7:00 de la noche, a la que han sido invitadas personalidades del deporte de la provincia de Santo Domingo.<\/p>\n<p style=\"font-weight: 400;\">Ortiz resalt\u00f3 la dedicatoria en esta versi\u00f3n, la cual recay\u00f3 en Juan Carlos Echavarr\u00eda (Joselito), un aspirante a la diputaci\u00f3n en la Circunscripci\u00f3n No. 1 de Santo Domingo Este.<\/p>\n<p style=\"font-weight: 400;\">Adem\u00e1s adelant\u00f3 que se tiene en disputa la Copa Ram\u00f3n Cabrera, actual diputado por la Circunscripci\u00f3n No. 2 y quien aspira a la Alcald\u00eda de Santo Domingo Este.<\/p>\n<p style=\"font-weight: 400;\">En el torneo Villaduartiano compiten los combinados de los clubes Francia Nueva, Juan Carlos Ramos, Pueblo Nuevo, Cludecos XX, Ram\u00f3n Mat\u00edas Mella y Sans Souc\u00ed.<\/p>\n<p style=\"font-weight: 400;\">Dijo que el partido oficial en la jornada inaugural ser\u00e1 entre Cludecos XX y Sans Souc\u00ed, a las 8:00 de la noche.<\/p>\n<p style=\"font-weight: 400;\">El domingo se enfrentar\u00e1n los equipos Juan Carlos Ramos ante Francia Nueva, a las 8:00 de la noche, y el lunes, chocar\u00e1n Pueblo Nuevo contra Ram\u00f3n Mat\u00edas Mella.<\/p>\n","protected":false},"excerpt":{"rendered":"<p>El Comit\u00e9 Organizador del V Cl\u00e1sico de Baloncesto Villaduartiano anunci\u00f3 la inauguraci\u00f3n para este s\u00e1bado con los tradicionales seis equipos, en la cancha del club Sans Souc\u00ed, en el sector El Pensador en el municipio Santo Domingo Este. Kieseriztky Ortiz, del club anfitri\u00f3n de Sans Souc\u00ed, inform\u00f3 que la ceremonia de apertura ser\u00e1 efectuada a [&hellip;]<\/p>\n","protected":false},"author":9,"featured_media":52224,"comment_status":"closed","ping_status":"closed","sticky":false,"template":"","format":"standard","meta":[],"categories":[2,60],"tags":[],"acf":[],"_links":{"self":[{"href":"https:\/\/colimdo.org\/wp-api\/wp\/v2\/posts\/52223"}],"collection":[{"href":"https:\/\/colimdo.org\/wp-api\/wp\/v2\/posts"}],"about":[{"href":"https:\/\/colimdo.org\/wp-api\/wp\/v2\/types\/post"}],"author":[{"embeddable":true,"href":"https:\/\/colimdo.org\/wp-api\/wp\/v2\/users\/9"}],"replies":[{"embeddable":true,"href":"https:\/\/colimdo.org\/wp-api\/wp\/v2\/comments?post=52223"}],"version-history":[{"count":1,"href":"https:\/\/colimdo.org\/wp-api\/wp\/v2\/posts\/52223\/revisions"}],"predecessor-version":[{"id":52225,"href":"https:\/\/colimdo.org\/wp-api\/wp\/v2\/posts\/52223\/revisions\/52225"}],"wp:featuredmedia":[{"embeddable":true,"href":"https:\/\/colimdo.org\/wp-api\/wp\/v2\/media\/52224"}],"wp:attachment":[{"href":"https:\/\/colimdo.org\/wp-api\/wp\/v2\/media?parent=52223"}],"wp:term":[{"taxonomy":"category","embeddable":true,"href":"https:\/\/colimdo.org\/wp-api\/wp\/v2\/categories?post=52223"},{"taxonomy":"post_tag","embeddable":true,"href":"https:\/\/colimdo.org\/wp-api\/wp\/v2\/tags?post=52223"}],"curies":[{"name":"wp","href":"https:\/\/api.w.org\/{rel}","templated":true}]}}