{"id":52234,"date":"2019-04-26T17:02:51","date_gmt":"2019-04-26T17:02:51","guid":{"rendered":"https:\/\/colimdo.org\/?p=52234"},"modified":"2019-04-26T18:14:43","modified_gmt":"2019-04-26T18:14:43","slug":"ana-rosa-bronce-copa-panam-abierta-judo-lima-peru","status":"publish","type":"post","link":"https:\/\/colimdo.org\/noticias\/ana-rosa-bronce-copa-panam-abierta-judo-lima-peru\/","title":{"rendered":"Ana Rosa, bronce en Copa Panam Abierta Judo en Lima, Per\u00fa"},"content":{"rendered":"<p><strong>SANTO DOMINGO<\/strong>. Ana Rosa conquist\u00f3 la medalla de bronce en la categor\u00eda menos 57 kilos en la primera jornada de la Copa Panamericana Abierta de Judo que se celebra en Lima Per\u00fa y que reparte puntos para la clasificaci\u00f3n a los Juegos Panamericanos.<\/p>\n<p>Para quedarse con el metal de tercer lugar, Rosa se impuso en el repechaje ante la estadounidense Amelia Fulgentes.<\/p>\n<p>La judoca dominicana, cay\u00f3 en el Grupo D, derrot\u00f3 en su primera pelea a la local Mirian Flores, en los octavos de final, y en los cuartos despach\u00f3 a Miryan Roper, de Panam\u00e1.<\/p>\n<p>En la semifinal, Rosa cay\u00f3 ante\u00a0 Rafaela Silva, de Brasil, en un re\u00f1ido combate.<\/p>\n<p><strong>OTROS RESULTADOS<\/strong><\/p>\n<p>En otros resultados del jueves, Estefan\u00eda Soriano disput\u00f3 tres combates y qued\u00f3 eliminada en la disputa por la presea de bronce en menos 48 kilos al perder ante la colombiana Daniela Restrepo.<\/p>\n<p>Soriano le gan\u00f3 en los octavos de final a Lesly Cano, de Per\u00fa, y en los cuartos de final cay\u00f3 ante la medallista ol\u00edmpica Paula Pareto, de Argentina.<\/p>\n<p>En menos 52 kilos, Diana de Jes\u00fas qued\u00f3 eliminada en su primera pelea ante la cubana Nahomys Acosta Batte.<\/p>\n<p>En masculino, Elmert Ram\u00edrez perdi\u00f3 en la disputa por el bronce ante Steven Morocho, de Ecuador. Ram\u00edrez hab\u00eda superado en la preliminar al peruano Alexander Ram\u00edrez, y luego fue vencido por Roberto Almenares, de Cuba.<\/p>\n<p>En el repechaje, Elmert derrot\u00f3 al paname\u00f1o Bernab\u00e9 Vergara, de Panam\u00e1.<\/p>\n<p>El veterano Wander Mateo qued\u00f3 fuera de competencia en su primera oportunidad tras el rev\u00e9s que sufri\u00f3 ante Orlando Polanco, de Cuba, en menos 66 kilos.<\/p>\n<p><strong>PR\u00d2XIMOS COMBATES<\/strong><\/p>\n<p>En el clasificatorio, que concluir\u00e1 este domingo, estar\u00e1n en acci\u00f3n los tambi\u00e9n dominicanos Robert Florentino, quien enfrentar\u00e1 a Anthony Pe\u00f1a, de Venezuela, en menos 90 kilos, mientras que Lewis Medina har\u00e1 lo propio en menos 100 kilos ante Isao C\u00e1rdenas, de M\u00e9xico.<\/p>\n<p>Jos\u00e9 Nova, en la categor\u00eda menos de 100 kilos, enfrentar\u00e1 en el pool D a Francisco Sol\u00eds, de Chile.<\/p>\n","protected":false},"excerpt":{"rendered":"<p>La dominicana se impuso en el repechaje ante la estadounidense Amelia Fulgentes el jueves en la categor\u00eda de menos 57 kilos.<\/p>\n","protected":false},"author":13,"featured_media":52235,"comment_status":"closed","ping_status":"closed","sticky":false,"template":"","format":"standard","meta":[],"categories":[2,60],"tags":[],"acf":[],"_links":{"self":[{"href":"https:\/\/colimdo.org\/wp-api\/wp\/v2\/posts\/52234"}],"collection":[{"href":"https:\/\/colimdo.org\/wp-api\/wp\/v2\/posts"}],"about":[{"href":"https:\/\/colimdo.org\/wp-api\/wp\/v2\/types\/post"}],"author":[{"embeddable":true,"href":"https:\/\/colimdo.org\/wp-api\/wp\/v2\/users\/13"}],"replies":[{"embeddable":true,"href":"https:\/\/colimdo.org\/wp-api\/wp\/v2\/comments?post=52234"}],"version-history":[{"count":1,"href":"https:\/\/colimdo.org\/wp-api\/wp\/v2\/posts\/52234\/revisions"}],"predecessor-version":[{"id":52236,"href":"https:\/\/colimdo.org\/wp-api\/wp\/v2\/posts\/52234\/revisions\/52236"}],"wp:featuredmedia":[{"embeddable":true,"href":"https:\/\/colimdo.org\/wp-api\/wp\/v2\/media\/52235"}],"wp:attachment":[{"href":"https:\/\/colimdo.org\/wp-api\/wp\/v2\/media?parent=52234"}],"wp:term":[{"taxonomy":"category","embeddable":true,"href":"https:\/\/colimdo.org\/wp-api\/wp\/v2\/categories?post=52234"},{"taxonomy":"post_tag","embeddable":true,"href":"https:\/\/colimdo.org\/wp-api\/wp\/v2\/tags?post=52234"}],"curies":[{"name":"wp","href":"https:\/\/api.w.org\/{rel}","templated":true}]}}