{"id":52242,"date":"2019-04-26T22:12:29","date_gmt":"2019-04-26T22:12:29","guid":{"rendered":"https:\/\/colimdo.org\/?p=52242"},"modified":"2019-04-26T22:17:31","modified_gmt":"2019-04-26T22:17:31","slug":"maria-gabriela-brugal-septimo-lugar-overall-equestrian-festival","status":"publish","type":"post","link":"https:\/\/colimdo.org\/noticias\/maria-gabriela-brugal-septimo-lugar-overall-equestrian-festival\/","title":{"rendered":"Mar\u00eda Gabriela Brugal, s\u00e9ptimo lugar overall en el Equestrian Festival"},"content":{"rendered":"<p>La amazona dominicana Mar\u00eda Gabriela Brugal est\u00e1 decidida a dejar sus huellas en el ecuestre latinoamericano.<\/p>\n<p><span style=\"font-style: inherit; font-weight: inherit;\">Su gran arrojo y determinaci\u00f3n, sumado a la calidad de sus ejemplares, le est\u00e1 ayudando a obtener importantes logros, camino a convertirse en una jinete n\u00famero uno dentro de los exponentes latinoamericanos y de todas partes del mundo que accionan en el Winter Equestrian Festival, en Wellington West Palm Beach Florida, Estados Unidos.<\/span><\/p>\n<p><span style=\"font-style: inherit; font-weight: inherit;\">Mar\u00eda Gabriela acaba de ofrecer la m\u00e1s reciente muestra de su gran progreso, al ubicarse en el s\u00e9ptimo lugar overall despu\u00e9s de 12 semanas de competencias en la s\u00faper competitiva serie CSIU25 para jinetes de 25 a\u00f1os.<\/span><\/p>\n<p><span style=\"font-style: inherit; font-weight: inherit;\">La dominicana logr\u00f3 \u00e9se lugar haciendo pareja con su ejemplar Aletta.<\/span><\/p>\n<p><span style=\"font-style: inherit; font-weight: inherit;\">Esta es quiz\u00e1s la m\u00e1s dura de las competencias del Festival Ecuestre que tiene duraci\u00f3n de 12 semanas y en la cual compiten los mejores jinetes del mundo, con menos de 235 a\u00f1os de edad.<\/span><\/p>\n<p><span style=\"font-style: inherit; font-weight: inherit;\">\u00a0Mar\u00eda Gabriela ha estado activa con sus ejemplares Southern Comfort, Crack the Shadows y Vasco, obteniendo m\u00faltiples resultados de primeros lugares.<\/span><\/p>\n<p><span style=\"font-style: inherit; font-weight: inherit;\">La jinete selecci\u00f3n nacional de salto ha puesto su mira en los pr\u00f3ximos Juegos Panamericanos, a celebrarse en Lima, Per\u00fa.<\/span><\/p>\n<p><span style=\"font-style: inherit; font-weight: inherit;\">\u00a0\u201cElla est\u00e1 realizando un gran esfuerzo por mejorar su calidad y los resultados est\u00e1n a la vista\u201d, opin\u00f3 el ingeniero Jos\u00e9 Manuel Ramos B\u00e1ez, presidente de la Federaci\u00f3n Dominicana de Deportes Ecuestres.<\/span><\/p>\n<p><span style=\"font-style: inherit; font-weight: inherit;\">\u201cNo cabe duda de que Mar\u00eda Gabriela ocupar\u00e1 un lugar importante entre los mejores jinetes del \u00e1rea. Ella est\u00e1 compitiendo en un evento muy exigente, donde participa lo mejor del mundo\u201d, explic\u00f3 Ramos B\u00e1ez.<\/span><\/p>\n","protected":false},"excerpt":{"rendered":"<p>La amazona dominicana compiti\u00f3 en el certamen celebrado en Wellington West Palm Beach, mostrando su progreso en la disciplina.<\/p>\n","protected":false},"author":13,"featured_media":52243,"comment_status":"closed","ping_status":"closed","sticky":false,"template":"","format":"standard","meta":[],"categories":[2,60],"tags":[],"acf":[],"_links":{"self":[{"href":"https:\/\/colimdo.org\/wp-api\/wp\/v2\/posts\/52242"}],"collection":[{"href":"https:\/\/colimdo.org\/wp-api\/wp\/v2\/posts"}],"about":[{"href":"https:\/\/colimdo.org\/wp-api\/wp\/v2\/types\/post"}],"author":[{"embeddable":true,"href":"https:\/\/colimdo.org\/wp-api\/wp\/v2\/users\/13"}],"replies":[{"embeddable":true,"href":"https:\/\/colimdo.org\/wp-api\/wp\/v2\/comments?post=52242"}],"version-history":[{"count":1,"href":"https:\/\/colimdo.org\/wp-api\/wp\/v2\/posts\/52242\/revisions"}],"predecessor-version":[{"id":52244,"href":"https:\/\/colimdo.org\/wp-api\/wp\/v2\/posts\/52242\/revisions\/52244"}],"wp:featuredmedia":[{"embeddable":true,"href":"https:\/\/colimdo.org\/wp-api\/wp\/v2\/media\/52243"}],"wp:attachment":[{"href":"https:\/\/colimdo.org\/wp-api\/wp\/v2\/media?parent=52242"}],"wp:term":[{"taxonomy":"category","embeddable":true,"href":"https:\/\/colimdo.org\/wp-api\/wp\/v2\/categories?post=52242"},{"taxonomy":"post_tag","embeddable":true,"href":"https:\/\/colimdo.org\/wp-api\/wp\/v2\/tags?post=52242"}],"curies":[{"name":"wp","href":"https:\/\/api.w.org\/{rel}","templated":true}]}}