{"id":52250,"date":"2019-04-27T02:25:18","date_gmt":"2019-04-27T02:25:18","guid":{"rendered":"https:\/\/colimdo.org\/?p=52250"},"modified":"2019-04-27T02:25:18","modified_gmt":"2019-04-27T02:25:18","slug":"medias-blancas-activan-eloy-jimenez-dan-baja-ervin","status":"publish","type":"post","link":"https:\/\/colimdo.org\/noticias\/medias-blancas-activan-eloy-jimenez-dan-baja-ervin\/","title":{"rendered":"Medias Blancas activan a Eloy Jim\u00e9nez  y dan de baja a Ervin"},"content":{"rendered":"<p>CHICAGO \u2014 Los Medias Blancas de Chicago colocaron en asignaci\u00f3n al derecho dominicano Ervin Santana y agregaron al mexicano Manny Ba\u00f1uelos a su rotaci\u00f3n.<\/p>\n<p>Santana, dos veces seleccionado para el Juego de Estrellas, registr\u00f3 marca de 0-2 con efectividad de 9.45 en las tres aperturas que hizo tras ser convocado de la sucursal de Triple A en Charlotte, el 9 de abril. Los Medias Blancas lo adquirieron en febrero con un contrato de ligas menores. Una dolencia en el dedo, seguida de una cirug\u00eda, limit\u00f3 al dominicano a cinco apariciones con Minnesota la pasada campa\u00f1a.<\/p>\n<p>&#8220;Francamente, no est\u00e1bamos obteniendo lo que esper\u00e1bamos por ese puesto en t\u00e9rminos de constancia y decidimos hace un cambio&#8221;, explic\u00f3 el gerente general Rick Hahn el viernes. &#8220;Sentimos que no esto estaba funcionando, y optamos por tomar otra direcci\u00f3n para el largo plazo&#8221;.<\/p>\n<p>Santana, de 36 a\u00f1os, acumula una foja de 149-127 y efectividad de 4.09 a lo largo de 15 temporadas con los Angelinos de Los \u00c1ngeles, Kansas City, Atlanta, Minnesota y Chicago. Fue All-Star por los Mellizos en 2017, cuando registr\u00f3 un r\u00e9cord de 16-8 y efectividad de 3.28.<\/p>\n<p>Ba\u00f1uelos tiene marca de 1-0 y efectividad de 2.51 en cinco salidas y 14 innings y dos tercios en la presente temporada. El mexicano de 28 a\u00f1os no concedi\u00f3 carreras en cuatro entradas en una apertura en Baltimore el lunes, otorgando cinco hits y un pasaporte, y ponchando a uno en la victoria de Chicago por 12-2.<\/p>\n<p>El derecho Lucas Giolito, que se hallaba fuera desde el 17 de abril con un esguince de tend\u00f3n de la corva izquierda, fue reincorporado al bullpen el viernes y se espera que regrese al mont\u00edculo durante la estad\u00eda de los Medias Blancas en casa, la cual termina el 5 de mayo.<\/p>\n<p>Tambi\u00e9n el viernes, los Medias Blancas reincorporaron en su roster al jardinero Eloy Jim\u00e9nez. El toletero tuvo que viajar a su natal Rep\u00fablica Dominicana tras el fallecimiento de su abuela.<\/p>\n","protected":false},"excerpt":{"rendered":"<p>Santana, dos veces seleccionado para el Juego de Estrellas, registr\u00f3 marca de 0-2 con efectividad de 9.45 en las tres aperturas que hizo tras ser convocado de la sucursal de Triple A en Charlotte, el 9 de abril.<\/p>\n","protected":false},"author":16,"featured_media":52251,"comment_status":"closed","ping_status":"closed","sticky":false,"template":"","format":"standard","meta":[],"categories":[2,60],"tags":[],"acf":[],"_links":{"self":[{"href":"https:\/\/colimdo.org\/wp-api\/wp\/v2\/posts\/52250"}],"collection":[{"href":"https:\/\/colimdo.org\/wp-api\/wp\/v2\/posts"}],"about":[{"href":"https:\/\/colimdo.org\/wp-api\/wp\/v2\/types\/post"}],"author":[{"embeddable":true,"href":"https:\/\/colimdo.org\/wp-api\/wp\/v2\/users\/16"}],"replies":[{"embeddable":true,"href":"https:\/\/colimdo.org\/wp-api\/wp\/v2\/comments?post=52250"}],"version-history":[{"count":1,"href":"https:\/\/colimdo.org\/wp-api\/wp\/v2\/posts\/52250\/revisions"}],"predecessor-version":[{"id":52252,"href":"https:\/\/colimdo.org\/wp-api\/wp\/v2\/posts\/52250\/revisions\/52252"}],"wp:featuredmedia":[{"embeddable":true,"href":"https:\/\/colimdo.org\/wp-api\/wp\/v2\/media\/52251"}],"wp:attachment":[{"href":"https:\/\/colimdo.org\/wp-api\/wp\/v2\/media?parent=52250"}],"wp:term":[{"taxonomy":"category","embeddable":true,"href":"https:\/\/colimdo.org\/wp-api\/wp\/v2\/categories?post=52250"},{"taxonomy":"post_tag","embeddable":true,"href":"https:\/\/colimdo.org\/wp-api\/wp\/v2\/tags?post=52250"}],"curies":[{"name":"wp","href":"https:\/\/api.w.org\/{rel}","templated":true}]}}