{"id":52253,"date":"2019-04-27T02:31:23","date_gmt":"2019-04-27T02:31:23","guid":{"rendered":"https:\/\/colimdo.org\/?p=52253"},"modified":"2019-04-27T02:31:23","modified_gmt":"2019-04-27T02:31:23","slug":"juan-cayro-delgado-listo-mejor-participacion-puerto-plata-open-pga-tour-la","status":"publish","type":"post","link":"https:\/\/colimdo.org\/noticias\/juan-cayro-delgado-listo-mejor-participacion-puerto-plata-open-pga-tour-la\/","title":{"rendered":"Juan Cayro Delgado listo para su mejor participaci\u00f3n en el Puerto Plata Open PGA Tour LA"},"content":{"rendered":"<p>EL NUEVO DIARIO, SANTO DOMINGO.- El joven Golfista Juan Cayro Delgado (Yayo) expres\u00f3 que se siente en grandes condiciones f\u00edsicas para su participaci\u00f3n en el Puerto Plata Open PGA Latinoam\u00e9rica, que ser\u00e1 celebrado del 29 de abril al 5 de mayo, en el campo Playa Dorada Golf Course, de Puerto Plata.<\/p>\n<p>En el evento participar\u00e1n 144 jugadores en representaci\u00f3n de 20 pa\u00edses y repartir\u00e1 una bolsa de 175 mil d\u00f3lares en premios, a la cual Delgado no podr\u00e1 optar por tener condici\u00f3n de amateur.<\/p>\n<p>La de este a\u00f1o ser\u00e1 su cuarta participaci\u00f3n en este tour y en la misma el jugador buscar\u00e1 pasar el corte por primera vez. Jug\u00f3 en el 2017 y 2018 en Puerto Plata. La primera vez jug\u00f3 el evento en Casa de Campo.<\/p>\n<p>\u201cMe vengo preparando para el Puerto Plata Open (evento del PGA Tour LA), espero tener una mejor participaci\u00f3n que en los anteriores dos eventos\u201d, coment\u00f3 Delgado. \u201cNo me ha ido tambi\u00e9n en los a\u00f1os anteriores\u201d, explic\u00f3, al tiempo que entiende que har\u00e1 un mejor papel, ya que tiene la experiencia suficiente.<\/p>\n<p>Delgado, quien cumpli\u00f3 hace poco 18 a\u00f1os, jug\u00f3 por primera vez en un torneo PGA Tour en Corales, tambi\u00e9n en enero pasado fue uno de los jugadores m\u00e1s vistosos en el Lat\u00edn Am\u00e9rica Amateur Championship (LAAC), por su participaci\u00f3n en las dos primeras dos rondas, por lo que espera tener mejores n\u00fameros.<\/p>\n<p>Dijo que ha sentido mejor\u00eda en su juego desde diciembre pasado, destacando sus actuaciones mencionadas, adem\u00e1s del Tour Canita.<\/p>\n<p>En febrero de este a\u00f1o el novel golfista conquist\u00f3 la s\u00e9ptima parada del Tour Canita, que se desarroll\u00f3 en el campo La Cana, en Punta Cana.<\/p>\n<p>Con esa haza\u00f1a Delgado se convirti\u00f3 en el atleta m\u00e1s joven (17 a\u00f1os) en ganar una competencia de este Tour, donde tuvo rondas de\u00a0 (67+75+70), para un total de 212 puntos.<\/p>\n<p>Cayro, es reconocido como parte de la nueva generaci\u00f3n del golf dominicano junto a Juan Jos\u00e9 Guerra, Radhames Pe\u00f1a, Rodrigo S\u00e1nchez, Enrique Valverde y Corrie Kuehn.\u00a0 As\u00ed como Rachel Kuehn, Stephany Kim y Gaby Victoria, en la parte f\u00e9mina.<\/p>\n","protected":false},"excerpt":{"rendered":"<p>En el evento participar\u00e1n 144 jugadores en representaci\u00f3n de 20 pa\u00edses y repartir\u00e1 una bolsa de 175 mil d\u00f3lares en premios, a la cual Delgado no podr\u00e1 optar por tener condici\u00f3n de amateur.<\/p>\n","protected":false},"author":16,"featured_media":52254,"comment_status":"closed","ping_status":"closed","sticky":false,"template":"","format":"standard","meta":[],"categories":[2,60],"tags":[],"acf":[],"_links":{"self":[{"href":"https:\/\/colimdo.org\/wp-api\/wp\/v2\/posts\/52253"}],"collection":[{"href":"https:\/\/colimdo.org\/wp-api\/wp\/v2\/posts"}],"about":[{"href":"https:\/\/colimdo.org\/wp-api\/wp\/v2\/types\/post"}],"author":[{"embeddable":true,"href":"https:\/\/colimdo.org\/wp-api\/wp\/v2\/users\/16"}],"replies":[{"embeddable":true,"href":"https:\/\/colimdo.org\/wp-api\/wp\/v2\/comments?post=52253"}],"version-history":[{"count":1,"href":"https:\/\/colimdo.org\/wp-api\/wp\/v2\/posts\/52253\/revisions"}],"predecessor-version":[{"id":52255,"href":"https:\/\/colimdo.org\/wp-api\/wp\/v2\/posts\/52253\/revisions\/52255"}],"wp:featuredmedia":[{"embeddable":true,"href":"https:\/\/colimdo.org\/wp-api\/wp\/v2\/media\/52254"}],"wp:attachment":[{"href":"https:\/\/colimdo.org\/wp-api\/wp\/v2\/media?parent=52253"}],"wp:term":[{"taxonomy":"category","embeddable":true,"href":"https:\/\/colimdo.org\/wp-api\/wp\/v2\/categories?post=52253"},{"taxonomy":"post_tag","embeddable":true,"href":"https:\/\/colimdo.org\/wp-api\/wp\/v2\/tags?post=52253"}],"curies":[{"name":"wp","href":"https:\/\/api.w.org\/{rel}","templated":true}]}}