{"id":52271,"date":"2019-04-27T15:55:08","date_gmt":"2019-04-27T15:55:08","guid":{"rendered":"https:\/\/colimdo.org\/?p=52271"},"modified":"2019-04-27T15:55:08","modified_gmt":"2019-04-27T15:55:08","slug":"asoprosado-realizara-edicion-12-torneo-softbol-femenino","status":"publish","type":"post","link":"https:\/\/colimdo.org\/noticias\/asoprosado-realizara-edicion-12-torneo-softbol-femenino\/","title":{"rendered":"Asoprosado realizar\u00e1 edici\u00f3n 12 de su torneo de softbol femenino"},"content":{"rendered":"<p><span lang=\"ES-DO\">Santo Domingo.-\u00a0<\/span><span lang=\"ES-DO\">La Asociaci\u00f3n de Softbol de la Provincia Santo Domingo iniciar\u00e1 este lunes 29, a partir de las nueve de la ma\u00f1ana la versi\u00f3n XII del Torneo de Softbol Femenino, certamen que estar\u00e1 dedicado al diputado Luis Alberto Tejeda.<\/span><\/p>\n<p><span lang=\"ES-DO\">La apertura ser\u00e1 efectuada en el estadio La Familia y en el evento participar\u00e1n un total de 17 equipos, los cuales estar\u00e1n divididos en varios grupos de tres, perteneciente a Boca Chica, La Caleta, Guerra, Manoguayabo, Los Alcarrizos.<\/span><\/p>\n<p><span lang=\"ES-DO\">En la justa clasificar\u00e1 uno por cada grupo y los que avancen estar\u00edan disputando las rondas semifinales.<\/span><\/p>\n<p><span lang=\"ES-DO\">Se jugar\u00e1 en las modalidades chata y molinete,\u00a0\u00a0en la primera la edad de las j\u00f3venes ser\u00e1 abierta, en tanto en la segunda ser\u00e1 sub 16 y podr\u00e1n participar dos refuerzos por equipos hasta los 19 a\u00f1os, pero que no tengan experiencia en ese tipo de juego.<\/span><\/p>\n<p><span lang=\"ES-DO\">El anuncio fue realizado por Leonardo D\u00edaz, presidente de ASOPROSADO, quien agreg\u00f3 que en el evento se disputar\u00e1 la Copa So\u00f1ando Despierto, que preside Alberto Tejeda.<\/span><\/p>\n<p><span lang=\"ES-DO\">Existe un gran entusiasmo entre los equipos que accionar\u00e1n en el mismo, los cuales han entrenado bien fuerte en busca de apoderarse este a\u00f1o de la copa de campe\u00f3n.<\/span><\/p>\n<p><span lang=\"ES-DO\">Aparte del estadio la Familia se jugar\u00e1 en los mameyes, Villa Duarte, Bello Campo, y Patria Mella.<\/span><\/p>\n","protected":false},"excerpt":{"rendered":"<p>La apertura ser\u00e1 efectuada el lunes 29  en el estadio La Familia y en el evento participar\u00e1n un total de 17 equipos, los cuales estar\u00e1n divididos en varios grupos de tres, perteneciente a Boca Chica, La Caleta, Guerra, Manoguayabo, Los Alcarrizos.<\/p>\n","protected":false},"author":16,"featured_media":52272,"comment_status":"closed","ping_status":"closed","sticky":false,"template":"","format":"standard","meta":[],"categories":[2,60],"tags":[],"acf":[],"_links":{"self":[{"href":"https:\/\/colimdo.org\/wp-api\/wp\/v2\/posts\/52271"}],"collection":[{"href":"https:\/\/colimdo.org\/wp-api\/wp\/v2\/posts"}],"about":[{"href":"https:\/\/colimdo.org\/wp-api\/wp\/v2\/types\/post"}],"author":[{"embeddable":true,"href":"https:\/\/colimdo.org\/wp-api\/wp\/v2\/users\/16"}],"replies":[{"embeddable":true,"href":"https:\/\/colimdo.org\/wp-api\/wp\/v2\/comments?post=52271"}],"version-history":[{"count":1,"href":"https:\/\/colimdo.org\/wp-api\/wp\/v2\/posts\/52271\/revisions"}],"predecessor-version":[{"id":52273,"href":"https:\/\/colimdo.org\/wp-api\/wp\/v2\/posts\/52271\/revisions\/52273"}],"wp:featuredmedia":[{"embeddable":true,"href":"https:\/\/colimdo.org\/wp-api\/wp\/v2\/media\/52272"}],"wp:attachment":[{"href":"https:\/\/colimdo.org\/wp-api\/wp\/v2\/media?parent=52271"}],"wp:term":[{"taxonomy":"category","embeddable":true,"href":"https:\/\/colimdo.org\/wp-api\/wp\/v2\/categories?post=52271"},{"taxonomy":"post_tag","embeddable":true,"href":"https:\/\/colimdo.org\/wp-api\/wp\/v2\/tags?post=52271"}],"curies":[{"name":"wp","href":"https:\/\/api.w.org\/{rel}","templated":true}]}}