{"id":52323,"date":"2019-04-28T13:45:52","date_gmt":"2019-04-28T13:45:52","guid":{"rendered":"https:\/\/colimdo.org\/?p=52323"},"modified":"2019-04-28T13:46:12","modified_gmt":"2019-04-28T13:46:12","slug":"los-organizadores-del-maraton-italiano-no-excluiran-atletas-africanos","status":"publish","type":"post","link":"https:\/\/colimdo.org\/noticias\/los-organizadores-del-maraton-italiano-no-excluiran-atletas-africanos\/","title":{"rendered":"Organizadores de marat\u00f3n italiano no excluir\u00e1n atletas africanos"},"content":{"rendered":"<p>ROMA (EFE). Los organizadores del medio marat\u00f3n de la ciudad italiana de Trieste (nordeste) rectificaron y anunciaron este s\u00e1bado que admitir\u00e1n a atletas africanos, despu\u00e9s de la lluvia de cr\u00edticas recibida por su intenci\u00f3n inicial de excluirles de la competici\u00f3n.<\/p>\n<p>\u201cTras haber lanzado una provocaci\u00f3n que ha dado en la diana, poniendo la atenci\u00f3n sobre un tema \u00e9tico fundamental, al contrario de lo anunciado ayer, invitaremos tambi\u00e9n a atletas africanos\u201d, dijo en un comunicado enviado a los medios el organizador Fabio Carini.<\/p>\n<p>La pol\u00e9mica se ha formado despu\u00e9s de que el \u201cTrieste Running Festival\u201d, que tendr\u00e1 lugar entre el 3 y el 5 de mayo, anunciara el viernes su decisi\u00f3n de excluir a los atletas africanos de la media marat\u00f3n al considerar que muchos son \u201cexplotados\u201d.<\/p>\n<p>\u201cQueremos dar un importante gesto sobre la explotaci\u00f3n de los atletas africanos por parte de los representantes, pues llegan mal pagados y tratados de forma indecente respecto a su valor deportivo real. Por eso, hasta que no cambien una serie de cosas, solo invitaremos a atletas europeos\u201d, asegur\u00f3 entonces Carini a la RAI.<\/p>\n<p>La postura de esta carrera, que alcanza este a\u00f1o su vig\u00e9sima cuarta edici\u00f3n, caus\u00f3 este s\u00e1bado un aluvi\u00f3n de cr\u00edticas desde el mundo de la pol\u00edtica, sobre todo de formaciones de la izquierda, que hablaron de \u201cracismo\u201d, \u201cdiscriminaci\u00f3n\u201d e incluso \u201capartheid\u201d.<\/p>\n<p>Tambi\u00e9n fue criticada por el propio Gobierno italiano, formado por la coalici\u00f3n entre los populistas del Movimiento Cinco Estrellas y la ultraderechista Liga, y se prometi\u00f3 una investigaci\u00f3n.<\/p>\n<p>Mientras que el l\u00edder del Cinco Estrellas y vicepresidente, Luigi Di Maio, tachaba la idea de \u201clocura\u201d, el subsecretario de Deporte, Giancarlo Giorgetti, de la Liga, apunt\u00f3 que la idea era \u201cequivocada\u201d pero denunci\u00f3 el fen\u00f3meno de la explotaci\u00f3n hablando incluso de \u201ctraficantes del deporte\u201d, lo que le ha valido tambi\u00e9n cr\u00edticas.<\/p>\n<p>\u201cEquivocado excluir a los corredores africanos, no es as\u00ed c\u00f3mo se resuelven los problemas. Pero atenci\u00f3n porque el malestar surgido en Trieste esconde el en\u00e9simo caso de explotaci\u00f3n, el de los llamados \u2018traficantes del deporte\u2019\u201d, dijo Giorgetti, exponente de la Liga, el partido que gobierna la regi\u00f3n de Trieste, Friuli Venecia Julia.<\/p>\n","protected":false},"excerpt":{"rendered":"<p>Los organizadores del medio marat\u00f3n de la ciudad italiana de Trieste (nordeste) rectificaron y anunciaron este s\u00e1bado que admitir\u00e1n a atletas africanos, despu\u00e9s de la lluvia de cr\u00edticas recibida por su intenci\u00f3n inicial de excluirles de la competici\u00f3n.<\/p>\n","protected":false},"author":16,"featured_media":52324,"comment_status":"closed","ping_status":"closed","sticky":false,"template":"","format":"standard","meta":[],"categories":[2,60],"tags":[],"acf":[],"_links":{"self":[{"href":"https:\/\/colimdo.org\/wp-api\/wp\/v2\/posts\/52323"}],"collection":[{"href":"https:\/\/colimdo.org\/wp-api\/wp\/v2\/posts"}],"about":[{"href":"https:\/\/colimdo.org\/wp-api\/wp\/v2\/types\/post"}],"author":[{"embeddable":true,"href":"https:\/\/colimdo.org\/wp-api\/wp\/v2\/users\/16"}],"replies":[{"embeddable":true,"href":"https:\/\/colimdo.org\/wp-api\/wp\/v2\/comments?post=52323"}],"version-history":[{"count":2,"href":"https:\/\/colimdo.org\/wp-api\/wp\/v2\/posts\/52323\/revisions"}],"predecessor-version":[{"id":52326,"href":"https:\/\/colimdo.org\/wp-api\/wp\/v2\/posts\/52323\/revisions\/52326"}],"wp:featuredmedia":[{"embeddable":true,"href":"https:\/\/colimdo.org\/wp-api\/wp\/v2\/media\/52324"}],"wp:attachment":[{"href":"https:\/\/colimdo.org\/wp-api\/wp\/v2\/media?parent=52323"}],"wp:term":[{"taxonomy":"category","embeddable":true,"href":"https:\/\/colimdo.org\/wp-api\/wp\/v2\/categories?post=52323"},{"taxonomy":"post_tag","embeddable":true,"href":"https:\/\/colimdo.org\/wp-api\/wp\/v2\/tags?post=52323"}],"curies":[{"name":"wp","href":"https:\/\/api.w.org\/{rel}","templated":true}]}}