{"id":52352,"date":"2019-04-28T20:19:51","date_gmt":"2019-04-28T20:19:51","guid":{"rendered":"https:\/\/colimdo.org\/?p=52352"},"modified":"2019-04-28T20:19:51","modified_gmt":"2019-04-28T20:19:51","slug":"fedombal-inaugura-torneo-nacional-basket-3x3","status":"publish","type":"post","link":"https:\/\/colimdo.org\/noticias\/fedombal-inaugura-torneo-nacional-basket-3x3\/","title":{"rendered":"Fedombal inaugura torneo nacional de basket 3&#215;3"},"content":{"rendered":"<p class=\"x_MsoNormal\">SANTO DOMINGO. La Federaci\u00f3n Dominicana de Baloncesto (Fedombal) y la Comisi\u00f3n Nacional de Basket 3&#215;3 pusieron en marcha este s\u00e1bado el torneo masculino y femenino U-18 de esa modalidad, en las canchas abiertas del Centro Ol\u00edmpico Juan Pablo Duarte.<\/p>\n<p class=\"x_MsoNormal\">El certamen para j\u00f3venes de 18 a\u00f1os o menos se inaugur\u00f3 a las 10:00 de la ma\u00f1ana en la referida instalaci\u00f3n, y cont\u00f3 con la asistencia de Junior P\u00e1ez (Yipi), director administrativo de Fedombal; y David Zabala, miembro del Consejo Directivo y representante de los jugadores.<\/p>\n<p class=\"x_MsoNormal\">As\u00ed como, la Inmortal del Deporte Matilde Guerrero; el profesor Fernando Teruel, presidente de la Asociaci\u00f3n de Baloncesto del Distrito Nacional (Abadina); y el homenajeado con la dedicatoria el empresario Rafael -Raffy- Paz, director Ejecutivo del Consejo Nacional de la Competitividad.<\/p>\n<p class=\"x_MsoNormal\">Jos\u00e9 Cabrera (Tyron), en representaci\u00f3n de Elka Jim\u00e9nez, coordinadora de la Comisi\u00f3n Nacional de Basket 3&#215;3 de la Fedombal, tuvo a cargo el montaje organizativo y la direcci\u00f3n del t\u00e9cnica del mismo, auxiliados con un grupo de colaboradores.<\/p>\n<p class=\"x_MsoNormal\">La justa 3&#215;3 cuenta con el apoyo del ingeniero Rafael Uribe, presidente de Fedombal, un gran propulsor de esta especialidad del baloncesto que ya tiene categor\u00eda ol\u00edmpica.<\/p>\n<p class=\"x_MsoNormal\">Las palabras de bienvenida las dio Junior P\u00e1ez (Yipi), director administrativo de Fedombal, quien resalt\u00f3 lo importante de este evento de basket 3&#215;3, una modalidad que se abre paso en la Rep\u00fablica Dominicana, y la dedicatoria al se\u00f1or Raffy Paz.<\/p>\n<p class=\"x_MsoNormal\">De su lado, Paz se expres\u00f3 en t\u00e9rminos positivos al decir que \u201cpara m\u00ed como joven es un placer que me dediquen este certamen 3&#215;3, ya que yo soy un amante de la disciplina del aro y el bal\u00f3n, de la que estoy ligado desde benjam\u00edn hasta superior, y s\u00e9 lo que es jugar esto\u201d.<\/p>\n<p class=\"x_MsoNormal\">Inst\u00f3 a los j\u00f3venes atletas de ambas ramas que compiten en este torneo U-18 a poner todo su empe\u00f1o, valor, disciplina, coraje, compa\u00f1erismo y dedicaci\u00f3n para conseguir el \u00e9xito en la vida y ser buenos deportistas y personas de bien\u201d.<\/p>\n<p class=\"x_MsoNormal\">\u201cEstos valores me han servido a ser el hombre que soy hoy en d\u00eda. Nunca se rinda en sus objetivos y sean persistentes en sus sue\u00f1os\u201d, exclam\u00f3 Paz.<\/p>\n<p class=\"x_MsoNormal\">Los talentos que sean reclutados podr\u00e1n ser tomados en cuenta para las selecciones nacionales U-18 en cada rama del baloncesto.<\/p>\n","protected":false},"excerpt":{"rendered":"<p>Participan cerca de 25 equipos a nivel nacional y est\u00e1 dedicado al empresario Raffy Paz.<\/p>\n","protected":false},"author":16,"featured_media":52353,"comment_status":"closed","ping_status":"closed","sticky":false,"template":"","format":"standard","meta":[],"categories":[2,60],"tags":[],"acf":[],"_links":{"self":[{"href":"https:\/\/colimdo.org\/wp-api\/wp\/v2\/posts\/52352"}],"collection":[{"href":"https:\/\/colimdo.org\/wp-api\/wp\/v2\/posts"}],"about":[{"href":"https:\/\/colimdo.org\/wp-api\/wp\/v2\/types\/post"}],"author":[{"embeddable":true,"href":"https:\/\/colimdo.org\/wp-api\/wp\/v2\/users\/16"}],"replies":[{"embeddable":true,"href":"https:\/\/colimdo.org\/wp-api\/wp\/v2\/comments?post=52352"}],"version-history":[{"count":1,"href":"https:\/\/colimdo.org\/wp-api\/wp\/v2\/posts\/52352\/revisions"}],"predecessor-version":[{"id":52354,"href":"https:\/\/colimdo.org\/wp-api\/wp\/v2\/posts\/52352\/revisions\/52354"}],"wp:featuredmedia":[{"embeddable":true,"href":"https:\/\/colimdo.org\/wp-api\/wp\/v2\/media\/52353"}],"wp:attachment":[{"href":"https:\/\/colimdo.org\/wp-api\/wp\/v2\/media?parent=52352"}],"wp:term":[{"taxonomy":"category","embeddable":true,"href":"https:\/\/colimdo.org\/wp-api\/wp\/v2\/categories?post=52352"},{"taxonomy":"post_tag","embeddable":true,"href":"https:\/\/colimdo.org\/wp-api\/wp\/v2\/tags?post=52352"}],"curies":[{"name":"wp","href":"https:\/\/api.w.org\/{rel}","templated":true}]}}