{"id":52409,"date":"2019-04-29T19:25:15","date_gmt":"2019-04-29T19:25:15","guid":{"rendered":"https:\/\/colimdo.org\/?p=52409"},"modified":"2019-04-29T19:25:15","modified_gmt":"2019-04-29T19:25:15","slug":"boricua-pedro-cintron-dirigira-al-rafael-barias-torneo-distrital","status":"publish","type":"post","link":"https:\/\/colimdo.org\/noticias\/boricua-pedro-cintron-dirigira-al-rafael-barias-torneo-distrital\/","title":{"rendered":"Boricua Pedro Cintr\u00f3n dirigir\u00e1 al Rafael Barias para torneo Distrital"},"content":{"rendered":"<p>SANTO DOMINGO. El capacitado t\u00e9cnico puertorrique\u00f1o Pedro Cintr\u00f3n estar\u00e1 como director t\u00e9cnico del Club Rafael Barias con miras al pr\u00f3ximo Torneo de Baloncesto Superior del Distrito Nacional, evento que inicia el pr\u00f3ximo 5 de junio y est\u00e1 dedicado al empresario Pep\u00edn Corripio.<\/p>\n<p>Cintr\u00f3n estar\u00e1 acompa\u00f1ado del ex integrante de la selecci\u00f3n nacional, Joel Ram\u00edrez, que se retir\u00f3 el a\u00f1o pasado despu\u00e9s de una carrera llena de \u00e9xitos y logros como jugador en el baloncesto nacional. Joel fue parte de las tres coronas del Rafael Barias como armador del club en las temporadas de 2009,2013 y 2017.<\/p>\n<p>\u201cPara nosotros como directiva es un honor tener a esa pareja de hombres de baloncesto al frente de nuestro equipo de baloncesto superior\u201d, sostuvo Amaury Duran, presidente del Barias y dirigente campe\u00f3n de la franquicia.<\/p>\n<p>Cintr\u00f3n dirigi\u00f3 en el pa\u00eds en el a\u00f1o 2011, cuando estuvo al frente de los Titanes del Distrito en la Liga Nacional de Baloncesto. En Puerto Rico ha sido dirigente de los Maratonistas de Coamo (2007-2011) y con Leones de Ponce, en donde primero particip\u00f3 como asistente (2008-2009) y luego en el 2010 dirigi\u00f3 al equipo hasta el playoff semifinal.<\/p>\n<p>El nativo de Ponce dirigi\u00f3 a la selecci\u00f3n nacional Sub 15 de Puerto Rico, conjunto que obtuvo la medalla de oro en el Centrobasket 2013. Ese mismo equipo finaliz\u00f3 en cuarto lugar en el pre mundial celebrado en Uruguay.<\/p>\n<p>\u201cEl Barias tendr\u00e1 un gran t\u00e9cnico en esta temporada. Tenemos la confianza en que Pedro har\u00e1 un magn\u00edfico trabajo con este gran equipo\u201d, dijo Alberto Rodr\u00edguez, gerente general de la tropa amarilla y negra.<\/p>\n<p>Los muchachos del Barias iniciaran sus entrenamientos el pr\u00f3ximo martes a las 4:00 pm en las instalaciones del club con sede en el populoso sector de Villa Consuelo. Las pr\u00e1cticas en sus inicios ser\u00e1n comandadas por Amaury Duran, Joel Ram\u00edrez y Reynaldo Mart\u00ednez.<\/p>\n","protected":false},"excerpt":{"rendered":"<p>El t\u00e9cnico puertorrique\u00f1o Pedro Cintr\u00f3n estar\u00e1 como director t\u00e9cnico del Club Rafael Barias con miras al pr\u00f3ximo Torneo de Baloncesto Superior del Distrito Nacional, evento que inicia el pr\u00f3ximo 5 de junio y est\u00e1 dedicado al empresario Pep\u00edn Corripio.<\/p>\n","protected":false},"author":16,"featured_media":52410,"comment_status":"closed","ping_status":"closed","sticky":false,"template":"","format":"standard","meta":[],"categories":[2,60],"tags":[],"acf":[],"_links":{"self":[{"href":"https:\/\/colimdo.org\/wp-api\/wp\/v2\/posts\/52409"}],"collection":[{"href":"https:\/\/colimdo.org\/wp-api\/wp\/v2\/posts"}],"about":[{"href":"https:\/\/colimdo.org\/wp-api\/wp\/v2\/types\/post"}],"author":[{"embeddable":true,"href":"https:\/\/colimdo.org\/wp-api\/wp\/v2\/users\/16"}],"replies":[{"embeddable":true,"href":"https:\/\/colimdo.org\/wp-api\/wp\/v2\/comments?post=52409"}],"version-history":[{"count":1,"href":"https:\/\/colimdo.org\/wp-api\/wp\/v2\/posts\/52409\/revisions"}],"predecessor-version":[{"id":52411,"href":"https:\/\/colimdo.org\/wp-api\/wp\/v2\/posts\/52409\/revisions\/52411"}],"wp:featuredmedia":[{"embeddable":true,"href":"https:\/\/colimdo.org\/wp-api\/wp\/v2\/media\/52410"}],"wp:attachment":[{"href":"https:\/\/colimdo.org\/wp-api\/wp\/v2\/media?parent=52409"}],"wp:term":[{"taxonomy":"category","embeddable":true,"href":"https:\/\/colimdo.org\/wp-api\/wp\/v2\/categories?post=52409"},{"taxonomy":"post_tag","embeddable":true,"href":"https:\/\/colimdo.org\/wp-api\/wp\/v2\/tags?post=52409"}],"curies":[{"name":"wp","href":"https:\/\/api.w.org\/{rel}","templated":true}]}}