{"id":52415,"date":"2019-04-29T22:46:18","date_gmt":"2019-04-29T22:46:18","guid":{"rendered":"https:\/\/colimdo.org\/?p=52415"},"modified":"2019-04-29T22:46:18","modified_gmt":"2019-04-29T22:46:18","slug":"espana-aprueba-cambios-copa-del-rey-la-supercopa","status":"publish","type":"post","link":"https:\/\/colimdo.org\/noticias\/espana-aprueba-cambios-copa-del-rey-la-supercopa\/","title":{"rendered":"Espa\u00f1a aprueba cambios a Copa del Rey y a la Supercopa"},"content":{"rendered":"<p>MADRID (AP) \u2014 La federaci\u00f3n espa\u00f1ola de f\u00fatbol aprob\u00f3 unos cambios al formato de la Copa del Rey y de la Supercopa el lunes, pese a las objeciones de la Liga espa\u00f1ola.<\/p>\n<p>La Copa del Rey se jugar\u00e1 en una serie de partido \u00fanico hasta las semifinales, mientras que la Supercopa adoptar\u00e1 un formato de \u2018final four\u2019 con los dos primeros lugares de la Liga espa\u00f1ola y de la Copa del Rey.<\/p>\n<p>Se prev\u00e9 que los cambios entren en vigor al inicio de la siguiente temporada, aunque la Liga espa\u00f1ola todav\u00eda podr\u00eda presentar una apelaci\u00f3n a la decisi\u00f3n de la federaci\u00f3n, que fue aprobada durante su asamblea general.<\/p>\n<p>La Liga espa\u00f1ola vot\u00f3 la semana pasada en su propia asamblea general a favor de no apoyar los cambios, alegando que deber\u00eda haber estado directamente involucrada en las discusiones.<\/p>\n<p>La federaci\u00f3n manifest\u00f3 que los cambios ayudar\u00e1n a reducir el n\u00famero de partidos para los equipos y jugadores.<\/p>\n<p>Luis Rubiales, presidente de la federaci\u00f3n, dijo la semana pasada que la entidad consideraba jugar la nueva Supercopa de Espa\u00f1a en Arabia Saud\u00ed, generando cr\u00edticas por parte de los grupos defensores de derechos humanos que se han quejado de las condiciones en la naci\u00f3n de Medio Oriente.<\/p>\n<p>La competici\u00f3n se ha celebrado al inicio de la temporada con una final de partido \u00fanico entre los campeones de la Copa del Rey y de la Liga espa\u00f1ola. Ahora, las semifinales y final se llevar\u00e1n a cabo en enero.<\/p>\n<p>La final del a\u00f1o pasado, en la que el Barcelona venci\u00f3 al Sevilla, se jug\u00f3 en T\u00e1nger, Marruecos.<\/p>\n<p>El m\u00e1ximo \u00f3rgano del f\u00fatbol espa\u00f1ol tambi\u00e9n aprob\u00f3 cambios dirigidos a dar m\u00e1s visibilidad y a mejorar el f\u00fatbol femenil. La liga femenil tendr\u00e1 dos divisiones y se crear\u00e1 una Supercopa.<\/p>\n<p>La federaci\u00f3n dijo que tomar\u00e1 medidas para aumentar el n\u00famero de jugadoras a nivel profesional y la cantidad de ni\u00f1as involucradas en el deporte.<\/p>\n","protected":false},"excerpt":{"rendered":"<p>MADRID (AP) \u2014 La federaci\u00f3n espa\u00f1ola de f\u00fatbol aprob\u00f3 unos cambios al formato de la Copa del Rey y de la Supercopa el lunes, pese a las objeciones de la Liga espa\u00f1ola. La Copa del Rey se jugar\u00e1 en una serie de partido \u00fanico hasta las semifinales, mientras que la Supercopa adoptar\u00e1 un formato de [&hellip;]<\/p>\n","protected":false},"author":9,"featured_media":52416,"comment_status":"closed","ping_status":"closed","sticky":false,"template":"","format":"standard","meta":[],"categories":[2,60],"tags":[],"acf":[],"_links":{"self":[{"href":"https:\/\/colimdo.org\/wp-api\/wp\/v2\/posts\/52415"}],"collection":[{"href":"https:\/\/colimdo.org\/wp-api\/wp\/v2\/posts"}],"about":[{"href":"https:\/\/colimdo.org\/wp-api\/wp\/v2\/types\/post"}],"author":[{"embeddable":true,"href":"https:\/\/colimdo.org\/wp-api\/wp\/v2\/users\/9"}],"replies":[{"embeddable":true,"href":"https:\/\/colimdo.org\/wp-api\/wp\/v2\/comments?post=52415"}],"version-history":[{"count":1,"href":"https:\/\/colimdo.org\/wp-api\/wp\/v2\/posts\/52415\/revisions"}],"predecessor-version":[{"id":52417,"href":"https:\/\/colimdo.org\/wp-api\/wp\/v2\/posts\/52415\/revisions\/52417"}],"wp:featuredmedia":[{"embeddable":true,"href":"https:\/\/colimdo.org\/wp-api\/wp\/v2\/media\/52416"}],"wp:attachment":[{"href":"https:\/\/colimdo.org\/wp-api\/wp\/v2\/media?parent=52415"}],"wp:term":[{"taxonomy":"category","embeddable":true,"href":"https:\/\/colimdo.org\/wp-api\/wp\/v2\/categories?post=52415"},{"taxonomy":"post_tag","embeddable":true,"href":"https:\/\/colimdo.org\/wp-api\/wp\/v2\/tags?post=52415"}],"curies":[{"name":"wp","href":"https:\/\/api.w.org\/{rel}","templated":true}]}}