{"id":52418,"date":"2019-04-29T22:51:30","date_gmt":"2019-04-29T22:51:30","guid":{"rendered":"https:\/\/colimdo.org\/?p=52418"},"modified":"2019-04-30T03:51:12","modified_gmt":"2019-04-30T03:51:12","slug":"filme-ayuda-contar-lo-paso-luis-felipe-lopez","status":"publish","type":"post","link":"https:\/\/colimdo.org\/noticias\/filme-ayuda-contar-lo-paso-luis-felipe-lopez\/","title":{"rendered":"Filme ayuda a contar lo que pas\u00f3 con Luis Felipe L\u00f3pez"},"content":{"rendered":"<p>NUEVA YORK (AP) \u2014 Felipe L\u00f3pez de alg\u00fan modo olvid\u00f3 qu\u00e9 se sent\u00eda ser el centro de atenci\u00f3n.<\/p>\n<p>Es algo que hubiera sido imposible imaginar hace 25 a\u00f1os, cuando pr\u00e1cticamente aparec\u00eda en cada portada de revista y titular de peri\u00f3dico. Pero pas\u00f3 un tiempo alejado de la luz p\u00fablica, al menos hasta que lleg\u00f3 el momento de promocionar una nueva pel\u00edcula sobre su vida. Y entonces se le refresc\u00f3 la memoria.<\/p>\n<p>\u201cOlvid\u00e9 que est\u00e1bamos en la capital de los medios de comunicaci\u00f3n\u201d, dijo L\u00f3pez riendo. \u201cHe estado desde las 7 de la ma\u00f1ana hasta como las 7:30 de la noche los \u00faltimos dos d\u00edas\u201d dando entrevistas.<\/p>\n<p>Imaginen lo que fue cuando era el astro m\u00e1s grande del baloncesto en Nueva York.<\/p>\n<p>Su historia como un ni\u00f1o infalible que pas\u00f3 a tener m\u00e1s fallos que \u00e9xitos se narra en \u201cThe Dominican Dream\u201d (El sue\u00f1o dominicano), que se estren\u00f3 el fin de semana en el Festival de Cine de Tribeca y debuta el martes por la noche en la cadena ESPN.<\/p>\n<p>L\u00f3pez fue un astro muy publicitado de la escuela secundaria en Nueva York entre principios y mediados de los 90 y se qued\u00f3 en la ciudad para jugar con el equipo de la universidad de St. John, donde nunca pudo cumplir las expectativas que enfrent\u00f3. Pas\u00f3 a tener una carrera profesional en general poco memorable, y recibi\u00f3 con benepl\u00e1cito la oportunidad de ayudar a la gente a recordar.<\/p>\n<p>\u201cLa gente siempre se pregunta qu\u00e9 pas\u00f3 conmigo, \u00bfqu\u00e9 le pas\u00f3 a Felipe?\u201d, dijo L\u00f3pez en una entrevista telef\u00f3nica. \u201cMucha gente pudo conseguir la historia desde un punto de vista superficial, pero no ahondar realmente en todo y pienso que la pel\u00edcula les proporciona un poco m\u00e1s de profundidad no s\u00f3lo sobre mi vida personal, mis triunfos y fracasos, sino tambi\u00e9n una historia de perseverancia y familia\u201d.<\/p>\n<p>L\u00f3pez se mud\u00f3 a Nueva York de Rep\u00fablica Dominicana a los 14 a\u00f1os, cuando cursaba el octavo grado y era un prodigio del baloncesto en un lugar donde el b\u00e9isbol es el rey. Tras s\u00f3lo un par de a\u00f1os fue clasificado por encima de Allen Iverson como el mejor jugador de su clase en la escuela secundaria y llev\u00f3 al Rice High School a un campeonato nacional y estatal. La conferencia de prensa en la que anunci\u00f3 que se quedar\u00eda en Nueva York para cursar estudios universitarios fue un acontecimiento televisivo imperdible para sus fans.<\/p>\n<p>\u201cNo se me ocurre otra persona que haya recibido m\u00e1s publicidad\u201d, dice el exentrenador de St. John Lou Carnesecca en la pel\u00edcula. \u201cTuvo ocho p\u00e1ginas en el Daily News. El general Eisenhower, que gan\u00f3 la Segunda Guerra Mundial, s\u00f3lo tuvo tres\u201d.<\/p>\n<p>Esas mismas p\u00e1ginas estuvieron llenas de noticias negativas en los a\u00f1os siguientes. No fue hasta la \u00faltima temporada de L\u00f3pez en 1998 que finalmente lleg\u00f3 al torneo de la NCAA.<\/p>\n<p>Quiz\u00e1s hubiera sido mejor para \u00e9l retirarse antes, como lo exhortaron a hacer. L\u00f3pez hubiera sido una selecci\u00f3n importante antes de su primera temporada, cuando estuvo en la portada de Sports Illustrated; o incluso despu\u00e9s de eso, antes que sus a\u00f1os en la universidad le permitieron a los cazatalentos desacreditar su juego.<\/p>\n<p>\u201cPero no ten\u00edamos idea de lo que el impacto de eso significaba\u201d, dijo L\u00f3pez sobre una salida temprana. \u201cAs\u00ed que esa fue la raz\u00f3n por la que tomamos algunas decisiones, simplemente basados en lo que yo cre\u00eda viniendo de Rep\u00fablica Dominicana, o qued\u00e1ndome en St. John y renunciando a la oportunidad de ir a la NBA\u201d.<\/p>\n<p>Eventualmente lleg\u00f3 como una selecci\u00f3n tard\u00eda de primera ronda en 1998 y jug\u00f3 cinco temporadas, promediando 5,8 puntos antes que una lesi\u00f3n en la rodilla lo sacara abruptamente de las canchas.<\/p>\n<p>Su carrera profesional habr\u00e1 sido infructuosa, pero no su vida. L\u00f3pez se mantiene activo en la comunidad a trav\u00e9s de su fundaci\u00f3n sin fines de lucro y NBA Cares, preside un equipo de baloncesto en un centro comunitario en su pa\u00eds natal, y en las dos d\u00e9cadas desde que se convirti\u00f3 en el primer miembro de su familia en graduarse de la universidad ha vuelto en ocasiones a St. John para hablarle a los jugadores sobre c\u00f3mo ser un basquetbolista profesional.<\/p>\n<p>\u201cCreo que mi historia trasciende a otras personas porque esta es la raz\u00f3n por la que venimos aqu\u00ed y esta es la raz\u00f3n por la que luchamos por aprender el idioma, para poder convertirnos en una historia de \u00e9xito\u201d, dijo L\u00f3pez.<\/p>\n<p>Entonces, \u00bfc\u00f3mo responder\u00eda esa pregunta que a veces le siguen haciendo?: \u00bfQu\u00e9 pas\u00f3 con Felipe L\u00f3pez?<\/p>\n<p>\u201cNada. Estoy vivo. Estoy bien. Estoy trabajando\u201d, manifest\u00f3. \u201cDirijo una organizaci\u00f3n no lucrativa y trato de convertirme en el puente para muchos j\u00f3venes talentos que veo como a m\u00ed mismo, que buscan una oportunidad para hacer una diferencia para sus familias, para ellos mismos y sus comunidades\u201d.<\/p>\n<p>\u201cY s\u00e9 que le estoy dando esas oportunidades a algunos chicos\u201d, concluy\u00f3.<\/p>\n","protected":false},"excerpt":{"rendered":"<p>NUEVA YORK (AP) \u2014 Felipe L\u00f3pez de alg\u00fan modo olvid\u00f3 qu\u00e9 se sent\u00eda ser el centro de atenci\u00f3n. Es algo que hubiera sido imposible imaginar hace 25 a\u00f1os, cuando pr\u00e1cticamente aparec\u00eda en cada portada de revista y titular de peri\u00f3dico. Pero pas\u00f3 un tiempo alejado de la luz p\u00fablica, al menos hasta que lleg\u00f3 el [&hellip;]<\/p>\n","protected":false},"author":9,"featured_media":52419,"comment_status":"closed","ping_status":"closed","sticky":false,"template":"","format":"standard","meta":[],"categories":[2,60],"tags":[],"acf":[],"_links":{"self":[{"href":"https:\/\/colimdo.org\/wp-api\/wp\/v2\/posts\/52418"}],"collection":[{"href":"https:\/\/colimdo.org\/wp-api\/wp\/v2\/posts"}],"about":[{"href":"https:\/\/colimdo.org\/wp-api\/wp\/v2\/types\/post"}],"author":[{"embeddable":true,"href":"https:\/\/colimdo.org\/wp-api\/wp\/v2\/users\/9"}],"replies":[{"embeddable":true,"href":"https:\/\/colimdo.org\/wp-api\/wp\/v2\/comments?post=52418"}],"version-history":[{"count":1,"href":"https:\/\/colimdo.org\/wp-api\/wp\/v2\/posts\/52418\/revisions"}],"predecessor-version":[{"id":52420,"href":"https:\/\/colimdo.org\/wp-api\/wp\/v2\/posts\/52418\/revisions\/52420"}],"wp:featuredmedia":[{"embeddable":true,"href":"https:\/\/colimdo.org\/wp-api\/wp\/v2\/media\/52419"}],"wp:attachment":[{"href":"https:\/\/colimdo.org\/wp-api\/wp\/v2\/media?parent=52418"}],"wp:term":[{"taxonomy":"category","embeddable":true,"href":"https:\/\/colimdo.org\/wp-api\/wp\/v2\/categories?post=52418"},{"taxonomy":"post_tag","embeddable":true,"href":"https:\/\/colimdo.org\/wp-api\/wp\/v2\/tags?post=52418"}],"curies":[{"name":"wp","href":"https:\/\/api.w.org\/{rel}","templated":true}]}}