{"id":52421,"date":"2019-04-30T02:41:09","date_gmt":"2019-04-30T02:41:09","guid":{"rendered":"https:\/\/colimdo.org\/?p=52421"},"modified":"2019-04-30T02:41:44","modified_gmt":"2019-04-30T02:41:44","slug":"fedojudo-anuncia-copa-panam-abierta-cadete-junior-rankin-mundial","status":"publish","type":"post","link":"https:\/\/colimdo.org\/noticias\/fedojudo-anuncia-copa-panam-abierta-cadete-junior-rankin-mundial\/","title":{"rendered":"Fedojudo anuncia Copa Panam Abierta Cadete y Junior Rankin Mundial"},"content":{"rendered":"<p><strong>SANTO DOMINGO<\/strong>. Con atletas de 12 pa\u00edses, la Federaci\u00f3n Dominicana de Judo (Fedojudo) celebrar\u00e1 del 3 al 5 de mayo la Copa Panamericana Abierta Cadete y Junior de Judo Rankin Mundial en la Casa Nacional de ese deporte en el Centro Ol\u00edmpico.<\/p>\n<p>El torneo tendr\u00e1 una dedicatoria especial a Thimo Pimentel y a Tony Wittkop, ambos expresidentes de la Fedojudo.<\/p>\n<p>La ceremonia de inauguraci\u00f3n est\u00e1 prevista para comenzar a las 4:00 de la tarde del s\u00e1bado 4 de mayo con el desfile de las 12 delegaciones que tomar\u00e1n parte en el certamen.<\/p>\n<p>Las actividades inician el viernes 3 con la celebraci\u00f3n del congresillo t\u00e9cnico donde se determinar\u00e1n los apareamientos de competencias, y tambi\u00e9n se har\u00e1 el pesaje.<\/p>\n<p>El sistema\u00a0de\u00a0competici\u00f3n es\u00a0de\u00a0eliminatoria simple, con repechaje doble cruzado.<\/p>\n<p>El torneo es organizado por la Fedojudo, con el apoyo\u00a0de\u00a0la Federaci\u00f3n Internacional\u00a0de ese deporte y\u00a0la Confederaci\u00f3n\u00a0Panamericana de Judo\u00a0(CPJ), que preside el mexicano Manuel Larra\u00f1aga.<\/p>\n<p>En la Copa Abierta Panamericana de Judo\u00a0tomar\u00e1n parte atletas entre las edades\u00a0de\u00a015 a 19 a\u00f1os procedentes\u00a0de Espa\u00f1a, Bahamas, M\u00e9xico, Aruba, Hait\u00ed, Panam\u00e1, Croacia, Puerto Rico, San Mart\u00edn y Rep\u00fablica Dominicana.<\/p>\n","protected":false},"excerpt":{"rendered":"<p>El torneo ser\u00e1 del 3 al 5 de mayo en la Casa Nacional del Judo del Centro Ol\u00edmpico con la participaci\u00f3n de atletas de 12 pa\u00edses.<\/p>\n","protected":false},"author":13,"featured_media":52422,"comment_status":"closed","ping_status":"closed","sticky":false,"template":"","format":"standard","meta":[],"categories":[2,60],"tags":[],"acf":[],"_links":{"self":[{"href":"https:\/\/colimdo.org\/wp-api\/wp\/v2\/posts\/52421"}],"collection":[{"href":"https:\/\/colimdo.org\/wp-api\/wp\/v2\/posts"}],"about":[{"href":"https:\/\/colimdo.org\/wp-api\/wp\/v2\/types\/post"}],"author":[{"embeddable":true,"href":"https:\/\/colimdo.org\/wp-api\/wp\/v2\/users\/13"}],"replies":[{"embeddable":true,"href":"https:\/\/colimdo.org\/wp-api\/wp\/v2\/comments?post=52421"}],"version-history":[{"count":1,"href":"https:\/\/colimdo.org\/wp-api\/wp\/v2\/posts\/52421\/revisions"}],"predecessor-version":[{"id":52423,"href":"https:\/\/colimdo.org\/wp-api\/wp\/v2\/posts\/52421\/revisions\/52423"}],"wp:featuredmedia":[{"embeddable":true,"href":"https:\/\/colimdo.org\/wp-api\/wp\/v2\/media\/52422"}],"wp:attachment":[{"href":"https:\/\/colimdo.org\/wp-api\/wp\/v2\/media?parent=52421"}],"wp:term":[{"taxonomy":"category","embeddable":true,"href":"https:\/\/colimdo.org\/wp-api\/wp\/v2\/categories?post=52421"},{"taxonomy":"post_tag","embeddable":true,"href":"https:\/\/colimdo.org\/wp-api\/wp\/v2\/tags?post=52421"}],"curies":[{"name":"wp","href":"https:\/\/api.w.org\/{rel}","templated":true}]}}