{"id":52443,"date":"2019-04-30T13:49:45","date_gmt":"2019-04-30T13:49:45","guid":{"rendered":"https:\/\/colimdo.org\/?p=52443"},"modified":"2019-04-30T13:49:45","modified_gmt":"2019-04-30T13:49:45","slug":"la-federacion-dominicana-tenis-celebro-asamblea-anual","status":"publish","type":"post","link":"https:\/\/colimdo.org\/noticias\/la-federacion-dominicana-tenis-celebro-asamblea-anual\/","title":{"rendered":"La Federaci\u00f3n Dominicana de Tenis celebr\u00f3 su asamblea anual"},"content":{"rendered":"<p>SANTO DOMINGO. La Federaci\u00f3n Dominicana de Tenis, Inc. (Fedotenis) celebr\u00f3 el pasado s\u00e1bado 27 de abril su asamblea anual en la que se rindi\u00f3 cuentas de su econom\u00eda como de los diferentes programas de desarrollo y competencias nacionales e internacionales.<\/p>\n<p>En el encuentro con los presidentes y representantes de las asociaciones provinciales y del Distrito Nacional se resaltaron los extraordinarios logros en los Juegos Centroamericanos en Colombia en que el tenis gan\u00f3 oro en sencillos en la raqueta de V\u00edctor Estrella, plata en manos de Roberto Cid, protagonizando por segunda vez consecutiva final netamente dominicana. Tambi\u00e9n se gan\u00f3 el oro por equipo en la Copa de Nacionales y plata en el dobles mixto.<\/p>\n<p>Tambi\u00e9n se destacaron eventos como las Olimpiadas Especiales de Tenis celebradas en el pa\u00eds, as\u00ed como el circuito de torneos nacionales y los programas de formaci\u00f3n de entrenadores y \u00e1rbitros nacionales. Asimismo el ritmo de competencias de los atletas de alto rendimiento sustentados en el Programa CRESO con miras a los Juegos Panamericanos en Lima, Per\u00fa durante este a\u00f1o 2019.<\/p>\n<p>En la asamblea estuvieron presentes las asociaciones de Tenis del Distrito Nacional, Santo Domingo, de San Crist\u00f3bal, La Romana, La Altagracia, San Juan, Puerto Plata y La Vega y fue presidida por el presidente de la entidad deportiva Persio Maldonado S\u00e1nchez.<\/p>\n","protected":false},"excerpt":{"rendered":"<p>En el encuentro con los presidentes y representantes de las asociaciones provinciales y del Distrito Nacional se resaltaron los extraordinarios logros en los Juegos Centroamericanos en Colombia. <\/p>\n","protected":false},"author":16,"featured_media":52444,"comment_status":"closed","ping_status":"closed","sticky":false,"template":"","format":"standard","meta":[],"categories":[2,60],"tags":[],"acf":[],"_links":{"self":[{"href":"https:\/\/colimdo.org\/wp-api\/wp\/v2\/posts\/52443"}],"collection":[{"href":"https:\/\/colimdo.org\/wp-api\/wp\/v2\/posts"}],"about":[{"href":"https:\/\/colimdo.org\/wp-api\/wp\/v2\/types\/post"}],"author":[{"embeddable":true,"href":"https:\/\/colimdo.org\/wp-api\/wp\/v2\/users\/16"}],"replies":[{"embeddable":true,"href":"https:\/\/colimdo.org\/wp-api\/wp\/v2\/comments?post=52443"}],"version-history":[{"count":1,"href":"https:\/\/colimdo.org\/wp-api\/wp\/v2\/posts\/52443\/revisions"}],"predecessor-version":[{"id":52445,"href":"https:\/\/colimdo.org\/wp-api\/wp\/v2\/posts\/52443\/revisions\/52445"}],"wp:featuredmedia":[{"embeddable":true,"href":"https:\/\/colimdo.org\/wp-api\/wp\/v2\/media\/52444"}],"wp:attachment":[{"href":"https:\/\/colimdo.org\/wp-api\/wp\/v2\/media?parent=52443"}],"wp:term":[{"taxonomy":"category","embeddable":true,"href":"https:\/\/colimdo.org\/wp-api\/wp\/v2\/categories?post=52443"},{"taxonomy":"post_tag","embeddable":true,"href":"https:\/\/colimdo.org\/wp-api\/wp\/v2\/tags?post=52443"}],"curies":[{"name":"wp","href":"https:\/\/api.w.org\/{rel}","templated":true}]}}