{"id":52446,"date":"2019-04-30T13:56:19","date_gmt":"2019-04-30T13:56:19","guid":{"rendered":"https:\/\/colimdo.org\/?p=52446"},"modified":"2019-04-30T13:56:19","modified_gmt":"2019-04-30T13:56:19","slug":"miderec-reconoce-olimpiadas-especiales-atletas-paralimpicos-feria-del-libro","status":"publish","type":"post","link":"https:\/\/colimdo.org\/noticias\/miderec-reconoce-olimpiadas-especiales-atletas-paralimpicos-feria-del-libro\/","title":{"rendered":"Miderec reconoce a Olimpiadas Especiales y Atletas Paral\u00edmpicos en Feria del Libro"},"content":{"rendered":"<p>SANTO DOMINGO.- Delegaciones de atletas de Olimp\u00edadas Especiales y del Comit\u00e9 Paral\u00edmpico fueron reconocidos como parte de las actividades que realiza el Ministerio de Deportes y Recreaci\u00f3n en su estand ubicado en la XXII Feria Internacional del Libro y la Cultura Santo Domingo 2019, que tiene lugar en la antigua Fortaleza Ozama de la Ciudad Colonial.<\/p>\n<p>La representaci\u00f3n de Olimpiadas Especiales fue reconocida el domingo por sus grandes actuaciones en el Mundial de Tenis de Olimpiadas Especiales 2018 y los Juegos Mundiales de Olimpiadas Especiales celebrados ese 2019 en Abu Dhabi 2019, en los Emiratos \u00c1rabes Unidos.<\/p>\n<p>Mientras que los Paral\u00edmpicos fueron homenajeados por sus buenos resultados obtenidos en Indianapolis 2017 y sus clasificaciones a los Juegos Para-Panamericanos de 2019 a celebrarse en Per\u00fa.<\/p>\n<p>Los atletas Paral\u00edmpicos Patricio L\u00f3pez y Alejandra Vargas, ambos de Para-Nataci\u00f3n, compartieron su impactante historia de vida deportiva.<\/p>\n<p>Un grupo de atletas particip\u00f3 en el segmento \u201cCuenta tu historia\u201d, en el que relataron su historia deportiva y personal y lo que representa para cada uno de ellos, ser atletas marca pa\u00eds por todo el mundo.<\/p>\n<p>Patricio L\u00f3pez, atleta paral\u00edmpico de la disciplina de nataci\u00f3n y adem\u00e1s segundo teniente del Ej\u00e9rcito de la Rep\u00fablica Dominicana, quien perdi\u00f3 la movilidad en sus piernas tras ser impactado por seis balas durante un atraco en el 2012.<\/p>\n<p>L\u00f3pez result\u00f3 ganador de la medalla de oro en la Serie Mundial de Nataci\u00f3n Indianapolis 2017.<\/p>\n<p>Alejandra Vargas se convirti\u00f3 en la primera atleta en clasificar a unos Juegos Para-Panamericanos, despu\u00e9s de obtener resultados positivos en los eventos clasificatorios a Lima, Per\u00fa, a celebrarse este a\u00f1o, secuela de los XVIII Juegos Panamericanos.<\/p>\n<p>La joven atleta naci\u00f3 con una condici\u00f3n especial en los huesos, por lo tanto escogi\u00f3 el deporte ya que era el \u00fanico que le permit\u00eda tener movilidad y protecci\u00f3n a su cuerpo.<\/p>\n<p>La actividad estuvo encabezada por Valent\u00edn Contreras, en representaci\u00f3n de ministerio de Deportes Danilo D\u00edaz; Marcos Nivar, director de actividades del estand y Luisa Rodr\u00edguez, asistente de Heriberto Morrison, director del local; y Kerenia Tav\u00e1rez, encargada de Deportes Adaptado del Miderec.<\/p>\n<p>Los atletas estuvieron acompa\u00f1ados por Eladio Agramonte, presidente del Comit\u00e9 Paral\u00edmpico DominicanoM e Ysabel Pujols, representante de Olimpiadas Especiales Rep\u00fablica Dominicana.<\/p>\n","protected":false},"excerpt":{"rendered":"<p>La representaci\u00f3n de Olimpiadas Especiales fue reconocida el domingo por sus grandes actuaciones en el Mundial de Tenis de Olimpiadas Especiales 2018 y los Juegos Mundiales de Olimpiadas Especiales celebrados ese 2019 en Abu Dhabi 2019, en los Emiratos \u00c1rabes Unidos.<\/p>\n","protected":false},"author":16,"featured_media":52447,"comment_status":"closed","ping_status":"closed","sticky":false,"template":"","format":"standard","meta":[],"categories":[2,60],"tags":[],"acf":[],"_links":{"self":[{"href":"https:\/\/colimdo.org\/wp-api\/wp\/v2\/posts\/52446"}],"collection":[{"href":"https:\/\/colimdo.org\/wp-api\/wp\/v2\/posts"}],"about":[{"href":"https:\/\/colimdo.org\/wp-api\/wp\/v2\/types\/post"}],"author":[{"embeddable":true,"href":"https:\/\/colimdo.org\/wp-api\/wp\/v2\/users\/16"}],"replies":[{"embeddable":true,"href":"https:\/\/colimdo.org\/wp-api\/wp\/v2\/comments?post=52446"}],"version-history":[{"count":1,"href":"https:\/\/colimdo.org\/wp-api\/wp\/v2\/posts\/52446\/revisions"}],"predecessor-version":[{"id":52448,"href":"https:\/\/colimdo.org\/wp-api\/wp\/v2\/posts\/52446\/revisions\/52448"}],"wp:featuredmedia":[{"embeddable":true,"href":"https:\/\/colimdo.org\/wp-api\/wp\/v2\/media\/52447"}],"wp:attachment":[{"href":"https:\/\/colimdo.org\/wp-api\/wp\/v2\/media?parent=52446"}],"wp:term":[{"taxonomy":"category","embeddable":true,"href":"https:\/\/colimdo.org\/wp-api\/wp\/v2\/categories?post=52446"},{"taxonomy":"post_tag","embeddable":true,"href":"https:\/\/colimdo.org\/wp-api\/wp\/v2\/tags?post=52446"}],"curies":[{"name":"wp","href":"https:\/\/api.w.org\/{rel}","templated":true}]}}