{"id":52454,"date":"2019-04-30T17:09:29","date_gmt":"2019-04-30T17:09:29","guid":{"rendered":"https:\/\/colimdo.org\/?p=52454"},"modified":"2019-04-30T17:09:16","modified_gmt":"2019-04-30T17:09:16","slug":"fuhit-mendez-quedaron-sexteto-estrella-panam-voleibol-u-19","status":"publish","type":"post","link":"https:\/\/colimdo.org\/noticias\/fuhit-mendez-quedaron-sexteto-estrella-panam-voleibol-u-19\/","title":{"rendered":"Fuhit y Mendez quedaron en Sexteto Estrella de Panam de Voleibol U-19"},"content":{"rendered":"<p>SANTO DOMINGO \u2013 Cuatro equipos de la Confederaci\u00f3n Norte, Centroamericana y del Caribe de Voleibol (NORCECA) est\u00e1n ahora clasificados al Campeonato Mundial de Varones Sub-19 de la FIVB que ser\u00e1 disputado en T\u00fanez del 21 al 30 de agosto con la participaci\u00f3n de 20 pa\u00edses.<\/p>\n<p>M\u00e9xico y Rep\u00fablica Dominicana se han unido a Cuba y Estados Unidos, campe\u00f3n y subcampe\u00f3n del Torneo Continental NORCECA 2018, como los pa\u00edses de la zona que accionar\u00e1n en el magno evento de ese grupo de edad.<\/p>\n<p>Adem\u00e1s del anfitri\u00f3n T\u00fanez, est\u00e1n clasificados los equipos africanos de Nigeria y Egipto.\u00a0La Confederaci\u00f3n Suramericana (CSV) estar\u00e1 representada por Brasil, Argentina y Colombia.<\/p>\n<p>La Confederaci\u00f3n Asi\u00e1tica (AVC) lo ser\u00e1 por Jap\u00f3n, Corea del Sur, Ir\u00e1n y Taipei Chino.\u00a0El mayor grueso de equipos participantes proceder\u00e1 de la Confederaci\u00f3n Europea (CEV) que tendr\u00e1 a los conjuntos de Alemania, Rep\u00fablica Checa, Italia, Rusia, Bielorrusia y Bulgaria.<\/p>\n<p>Sexteto Estrella<\/p>\n<p>E; dominicano Fuhit Edouarde fue el mejor anotar del torneo y Dawlin Mendez estuvo en los dos mejores bloqueados del medio.Cuba domino gran parte de la premiaci\u00f3n, ya que los miembros del equipo ganador recibieron ocho de las doce placas presentadas a los mejores jugadores.<\/p>\n<p align=\"justify\">Victor Andreu y Guti\u00e9rrez fueron los dos atacantes externos, mientras que Luis Vidal Allen y el dominicano Dawilin M\u00e9ndez fueron los dos bloqueadores del medio.<\/p>\n<p align=\"justify\">Adem\u00e1s de su placa de MVP, Guti\u00e9rrez fue nombrado mejor servidor y su compa\u00f1ero de equipo, Eduardo Hern\u00e1ndez, fue el mejor contrario.<\/p>\n<p align=\"justify\">Christian Thondike fue seleccionado como el mejor acomodador y Ricardo G\u00f3mez el mejor libero.<\/p>\n<p align=\"justify\">El puertorrique\u00f1o Gabriel Pantoja fue el mejor receptor y el nicarag\u00fcense Jordan Carcach\u00e9 el mejor defensor.<\/p>\n<p><b>TRES CAMPEONES DIFERENTES:\u00a0<\/b>Cuba se une a Brasil y M\u00e9xico como los equipos que se han coronado en la Copas Panamericanas de 2011, 2017 y 2019.<\/p>\n<p><b>A GOLPE DE RECORDS:<\/b>\u00a0Un escuadr\u00f3n de demolici\u00f3n fue el que vimos jugar en la Copa Panamericana Sub-19 ya que tres marcas fueron impuestas en el transcurso de los seis d\u00edas de competencia.<\/p>\n<p><b>LOS CUATRO ASES:<\/b>\u00a0El cubano Jos\u00e9 Miguel Guti\u00e9rrez fij\u00f3 un nuevo registro de \u201caces\u201d con los 18 que totaliz\u00f3. Entr\u00f3 al \u00faltimo d\u00eda con 14 y aterriz\u00f3 4 para erradicar de los libros la marca de 17 que compart\u00edan el puertorrique\u00f1o Pedro Molina y el mexicano Raymond Stephens.<\/p>\n<p><b>UNA LLAVE ALLEN:<\/b>\u00a0EL cubano Luis Vidal Allen cerr\u00f3 el paso a los ataques cuando bloque\u00f3 4 ataques en la jornada final para concluir la Copa con 20 y as\u00ed eliminar la vieja marca de 18 del colombiano Jhonnier S\u00e1nchez.<\/p>\n<p><b>AH\u00cd EST\u00c1 LA PARED:<\/b>\u00a0El dominicano Dawil\u00edn M\u00e9ndez marc\u00f3 8 bloqueos contra Puerto Rico y revent\u00f3 la marca de 7 que dos d\u00edas antes hab\u00eda establecido el cubano Luis Vidal Allen precisamente contra el equipo de Rep\u00fablica Dominicana.<\/p>\n<p><b>CUARTO DOMINICANO:<\/b>\u00a0Brian Mu\u00f1oz reserv\u00f3 su mejor actuaci\u00f3n ofensiva para el momento m\u00e1s oportuno al anotar 21 puntos contra Chile. Se uni\u00f3 a Bayron Valdez (4), Fuhit Edouarde (3) y Dawil\u00edn M\u00e9ndez como dominicanos que han anotado 20 o m\u00e1s en un juego de la Copa Sub-19.<\/p>\n<p><b>CUATRO CON 100:<\/b>\u00a0El dominicano Fuhit Edouarde (112) y el chileno Vicente Ibarra (105) se unieron al puertorrique\u00f1o Gabriel Garc\u00eda (130) y el dominicano Bayron Valdez (107), quienes lo hicieron en 2017, como los jugadores con tres cifras en su total de puntos en una Copa Sub-19.<\/p>\n<p><b>LA BARRA DE IBARRA:<\/b>\u00a0El chileno Vicente Ibarra se uni\u00f3 este lunes al dominicano Fuhit Edouarde y al boricua Sebasti\u00e1n Negr\u00f3n como atacantes que durante la Copa tuvieron 3 juegos de 20 o m\u00e1s puntos.<\/p>\n","protected":false},"excerpt":{"rendered":"<p>M\u00e9xico y Rep\u00fablica Dominicana se han unido a Cuba y Estados Unidos, campe\u00f3n y subcampe\u00f3n del Torneo Continental NORCECA 2018, como los pa\u00edses de la zona que accionar\u00e1n en el Mundial Sub-19 a celebrarse en T\u00fanez.<\/p>\n","protected":false},"author":16,"featured_media":52302,"comment_status":"closed","ping_status":"closed","sticky":false,"template":"","format":"standard","meta":[],"categories":[2,60],"tags":[],"acf":[],"_links":{"self":[{"href":"https:\/\/colimdo.org\/wp-api\/wp\/v2\/posts\/52454"}],"collection":[{"href":"https:\/\/colimdo.org\/wp-api\/wp\/v2\/posts"}],"about":[{"href":"https:\/\/colimdo.org\/wp-api\/wp\/v2\/types\/post"}],"author":[{"embeddable":true,"href":"https:\/\/colimdo.org\/wp-api\/wp\/v2\/users\/16"}],"replies":[{"embeddable":true,"href":"https:\/\/colimdo.org\/wp-api\/wp\/v2\/comments?post=52454"}],"version-history":[{"count":1,"href":"https:\/\/colimdo.org\/wp-api\/wp\/v2\/posts\/52454\/revisions"}],"predecessor-version":[{"id":52455,"href":"https:\/\/colimdo.org\/wp-api\/wp\/v2\/posts\/52454\/revisions\/52455"}],"wp:featuredmedia":[{"embeddable":true,"href":"https:\/\/colimdo.org\/wp-api\/wp\/v2\/media\/52302"}],"wp:attachment":[{"href":"https:\/\/colimdo.org\/wp-api\/wp\/v2\/media?parent=52454"}],"wp:term":[{"taxonomy":"category","embeddable":true,"href":"https:\/\/colimdo.org\/wp-api\/wp\/v2\/categories?post=52454"},{"taxonomy":"post_tag","embeddable":true,"href":"https:\/\/colimdo.org\/wp-api\/wp\/v2\/tags?post=52454"}],"curies":[{"name":"wp","href":"https:\/\/api.w.org\/{rel}","templated":true}]}}