{"id":52475,"date":"2019-05-01T00:13:18","date_gmt":"2019-05-01T00:13:18","guid":{"rendered":"https:\/\/colimdo.org\/?p=52475"},"modified":"2019-05-01T00:13:18","modified_gmt":"2019-05-01T00:13:18","slug":"padres-colocan-tatis-jr-la-lista-lesionados","status":"publish","type":"post","link":"https:\/\/colimdo.org\/noticias\/padres-colocan-tatis-jr-la-lista-lesionados\/","title":{"rendered":"Padres colocan a Tatis Jr. en la lista de lesionados"},"content":{"rendered":"<p>ATLANTA (AP) \u2014 Los Padres de San Diego colocaron a su novato sensaci\u00f3n Fernando Tatis Jr. en la lista de lesionados por 10 d\u00edas, y se espera que se pierda al menos un par de semanas.<\/p>\n<p>El manager Andy Green hizo el anuncio el martes, antes del juego contra los Bravos de Atlanta. El campocorto dominicano de 20 a\u00f1os se lesion\u00f3 el tend\u00f3n de la corva izquierda el domingo en Washington, luego de estirarse de una manera rara mientras trataba de alcanzar un tiro a segunda base.<\/p>\n<p>Una resonancia magn\u00e9tica revel\u00f3 una torcedura, pero no da\u00f1o estructural. Green dice que el equipo no se arriesgar\u00e1 sino que buscar\u00e1 asegurarse de que el apreciado novato est\u00e1 totalmente recuperado antes que regrese a la alineaci\u00f3n.<\/p>\n<p>\u201c\u00c9l va a estar fuera durante cierto n\u00famero de semanas\u201d, recalc\u00f3 Green. \u201cEl n\u00famero exacto de semanas depende de c\u00f3mo responda a esto\u201d.<\/p>\n<p>Tatis ha sido un jugador clave para el buen comienzo de campa\u00f1a por parte de San Diego. Batea para .300 con seis jonrones y 13 impulsadas en 27 juegos.<\/p>\n<p>Se sent\u00eda mejor el martes que en el d\u00eda previo, de acuerdo con su manager. Sin embargo, no volver\u00e1 a la alineaci\u00f3n sino hasta que el club cuente con la certeza de que el tend\u00f3n ha sanado totalmente.<\/p>\n<p>\u201cPara la organizaci\u00f3n, \u00e9l significa mucho. Significa mucho para nuestro futuro\u201d, consider\u00f3 Green. No vamos a ser cautos s\u00f3lo porque s\u00ed. Vamos a cerciorarnos de que \u00e9l est\u00e9 listo para dar cada paso. Ojal\u00e1 que vuelva relativamente pronto. Pero esto abre algunas oportunidades para otros chicos en el terreno\u201d.<\/p>\n<p>Manny Machado se mover\u00e1 de la tercera base al campocorto mientras Tatis est\u00e9 fuera, lo que permite a Ty France hacerse cargo de la tercera. Los Padres llamaron al derecho Phil Maton de El Paso en Triple-A para llenar el lugar de Tatis en el plantel.<\/p>\n<p>Y ello dar\u00eda variantes necesarias en el bullpen, al menos en el corto plazo.<\/p>\n<p>\u201cContemplaremos esta alineaci\u00f3n para el futuro previsible\u201d, dijo Green. \u201cVamos a tener a Manny en el campocorto de manera muy constante. \u00c9l va a llenar ese hueco con nosotros\u201d.<\/p>\n<p>Machado fue la gran adquisici\u00f3n de San Diego en el receso previo a la campa\u00f1a. Firm\u00f3 un convenio por 10 a\u00f1os y 300 millones de d\u00f3lares para reforzar a un club que no ha tenido una temporada con foja positiva desde 2010.<\/p>\n","protected":false},"excerpt":{"rendered":"<p>ATLANTA (AP) \u2014 Los Padres de San Diego colocaron a su novato sensaci\u00f3n Fernando Tatis Jr. en la lista de lesionados por 10 d\u00edas, y se espera que se pierda al menos un par de semanas. El manager Andy Green hizo el anuncio el martes, antes del juego contra los Bravos de Atlanta. El campocorto [&hellip;]<\/p>\n","protected":false},"author":9,"featured_media":52476,"comment_status":"closed","ping_status":"closed","sticky":false,"template":"","format":"standard","meta":[],"categories":[2,60],"tags":[],"acf":[],"_links":{"self":[{"href":"https:\/\/colimdo.org\/wp-api\/wp\/v2\/posts\/52475"}],"collection":[{"href":"https:\/\/colimdo.org\/wp-api\/wp\/v2\/posts"}],"about":[{"href":"https:\/\/colimdo.org\/wp-api\/wp\/v2\/types\/post"}],"author":[{"embeddable":true,"href":"https:\/\/colimdo.org\/wp-api\/wp\/v2\/users\/9"}],"replies":[{"embeddable":true,"href":"https:\/\/colimdo.org\/wp-api\/wp\/v2\/comments?post=52475"}],"version-history":[{"count":1,"href":"https:\/\/colimdo.org\/wp-api\/wp\/v2\/posts\/52475\/revisions"}],"predecessor-version":[{"id":52477,"href":"https:\/\/colimdo.org\/wp-api\/wp\/v2\/posts\/52475\/revisions\/52477"}],"wp:featuredmedia":[{"embeddable":true,"href":"https:\/\/colimdo.org\/wp-api\/wp\/v2\/media\/52476"}],"wp:attachment":[{"href":"https:\/\/colimdo.org\/wp-api\/wp\/v2\/media?parent=52475"}],"wp:term":[{"taxonomy":"category","embeddable":true,"href":"https:\/\/colimdo.org\/wp-api\/wp\/v2\/categories?post=52475"},{"taxonomy":"post_tag","embeddable":true,"href":"https:\/\/colimdo.org\/wp-api\/wp\/v2\/tags?post=52475"}],"curies":[{"name":"wp","href":"https:\/\/api.w.org\/{rel}","templated":true}]}}