{"id":52492,"date":"2019-05-01T04:36:50","date_gmt":"2019-05-01T04:36:50","guid":{"rendered":"https:\/\/colimdo.org\/?p=52492"},"modified":"2019-05-01T04:37:04","modified_gmt":"2019-05-01T04:37:04","slug":"robert-florentino-bronce-clasificatorio-judo-panam-peru","status":"publish","type":"post","link":"https:\/\/colimdo.org\/noticias\/robert-florentino-bronce-clasificatorio-judo-panam-peru\/","title":{"rendered":"Robert Florentino, bronce en clasificatorio judo Panam en Per\u00fa"},"content":{"rendered":"<p><strong>SANTO DOMINGO<\/strong>. Robert Florentino gan\u00f3 la medalla de bronce de la categor\u00eda menos 90 kilos del Campeonato Panamericano de Judo que concluy\u00f3 el domingo en el Polideportivo 1 de la Videna, en Lima, Per\u00fa y que reparti\u00f3 puntos para los Juegos Panamericanos.<\/p>\n<p>Florentino derrot\u00f3 a Mohab El Nahas, de Canad\u00e1, en la disputa por la medalla de bronce.<\/p>\n<p>En su primera pelea, Forentino venci\u00f3 a Anthony Pe\u00f1a, de Venezuela, y en los cuartos de final se impuso ante Yuta Galarreta Villar, de Per\u00f9. En la semifinal, perdi\u00f3 ante Rafael Macedo, de Brasil.<\/p>\n<p>El otro bronce de la categor\u00eda qued\u00f3 en manos de Zachary Burt, de Canad\u00e1, mientras el oro lo gan\u00f3 Iv\u00e1n Felipe Silva Morales, de Cuba, quien dobleg\u00f3 en la final al brasile\u00f1o Rafael Macedo, el cual se qued\u00f3 con la plata.<\/p>\n<p>El campeonato reparti\u00f3 puntos para la clasificaci\u00f3n a los Juegos Panamericanos que se celebrar\u00e1n del 26 de julio al 11 de agosto pr\u00f3ximos en Per\u00fa, y para los Ol\u00edmpicos de Tokio 2020.<\/p>\n<p><span style=\"font-style: inherit; font-weight: inherit;\">La participaci\u00f3n de la representaci\u00f3n dominicana en el se\u00f1alado clasificatorio fue posible al Grupo Creso y el Ministerio de Deportes.<\/span><\/p>\n<p><span style=\"font-style: inherit; font-weight: inherit;\">El torneo fue el pen\u00faltimo clasificatorio que se celebr\u00f3 previo a los Juegos Panamericanos. El \u00faltimo evento que dar\u00e1 los puntos finales para la cita multideportiva est\u00e1 pautado para los d\u00edas 24 y 25 de mayo.<\/span><\/p>\n<p><span style=\"font-style: inherit; font-weight: inherit;\">Para el 10 de junio, la Confederaci\u00f3n Panamericano de Judo (CPJ) informar\u00e1 a Panam Sports y a los comit\u00e9s ol\u00edmpicos nacionales las plazas obtenidas por cada pa\u00eds para el torneo de judo de los Juegos Panamericanos.<\/span><\/p>\n<p><strong>OTROS RESULTADOS<\/strong><\/p>\n<p>En total, la delegaci\u00f3n dominicana obtuvo dos medallas de bronce. La primera fue ganada por Ana Rosa, en la prueba menos 57 kilos.<\/p>\n<p>Tambi\u00e9n sumaron puntos Elmert Ram\u00edrez, quien ocup\u00f3 el quinto lugar en menos 60 kilos, as\u00ed como Estefan\u00eda Soriano, que finaliz\u00f3 en el s\u00e9ptimo pelda\u00f1o en menos 48 kilos.<\/p>\n","protected":false},"excerpt":{"rendered":"<p>El campeonato reparti\u00f3 puntos para la clasificaci\u00f3n a los Juegos Panamericanos que se celebrar\u00e1n del 26 de julio al 11 de agosto pr\u00f3ximos en Per\u00fa.<\/p>\n","protected":false},"author":13,"featured_media":52493,"comment_status":"closed","ping_status":"closed","sticky":false,"template":"","format":"standard","meta":[],"categories":[2,60],"tags":[],"acf":[],"_links":{"self":[{"href":"https:\/\/colimdo.org\/wp-api\/wp\/v2\/posts\/52492"}],"collection":[{"href":"https:\/\/colimdo.org\/wp-api\/wp\/v2\/posts"}],"about":[{"href":"https:\/\/colimdo.org\/wp-api\/wp\/v2\/types\/post"}],"author":[{"embeddable":true,"href":"https:\/\/colimdo.org\/wp-api\/wp\/v2\/users\/13"}],"replies":[{"embeddable":true,"href":"https:\/\/colimdo.org\/wp-api\/wp\/v2\/comments?post=52492"}],"version-history":[{"count":1,"href":"https:\/\/colimdo.org\/wp-api\/wp\/v2\/posts\/52492\/revisions"}],"predecessor-version":[{"id":52494,"href":"https:\/\/colimdo.org\/wp-api\/wp\/v2\/posts\/52492\/revisions\/52494"}],"wp:featuredmedia":[{"embeddable":true,"href":"https:\/\/colimdo.org\/wp-api\/wp\/v2\/media\/52493"}],"wp:attachment":[{"href":"https:\/\/colimdo.org\/wp-api\/wp\/v2\/media?parent=52492"}],"wp:term":[{"taxonomy":"category","embeddable":true,"href":"https:\/\/colimdo.org\/wp-api\/wp\/v2\/categories?post=52492"},{"taxonomy":"post_tag","embeddable":true,"href":"https:\/\/colimdo.org\/wp-api\/wp\/v2\/tags?post=52492"}],"curies":[{"name":"wp","href":"https:\/\/api.w.org\/{rel}","templated":true}]}}