{"id":52509,"date":"2019-05-01T15:30:17","date_gmt":"2019-05-01T15:30:17","guid":{"rendered":"https:\/\/colimdo.org\/?p=52509"},"modified":"2019-05-01T15:30:17","modified_gmt":"2019-05-01T15:30:17","slug":"iker-casillas-fue-hospitalizado-debido-infarto","status":"publish","type":"post","link":"https:\/\/colimdo.org\/noticias\/iker-casillas-fue-hospitalizado-debido-infarto\/","title":{"rendered":"Iker Casillas fue hospitalizado debido a un infarto"},"content":{"rendered":"<p class=\"DETALLE_N_titulo \">ESPN. El portero espa\u00f1ol Iker Casillas sufri\u00f3 un infarto durante el entrenamiento del Porto, seg\u00fan varios medios portugueses.<\/p>\n<p>El guardameta tuvo que ser hospitalizado, pero se encuentra fuera de peligro. Se le realiz\u00f3 un cateterismo y est\u00e1 ingresado en el hospital CUF Porto. El portero espa\u00f1ol se sinti\u00f3 indispuesto tras el entrenamiento. Su vida no corre peligro y no volver\u00e1 a jugar en lo que resta de temporada, de acuerdo con reportes de prensa.<\/p>\n<p>El Porto emiti\u00f3 un comunicado en el que confirm\u00f3 los reportes: &#8220;Iker Casillas ha sufrido un infarto agudo al miocardio durante el entrenamiento de la ma\u00f1ana del mi\u00e9rcoles. La sesi\u00f3n de entrenamiento fue interrumpida inmediatamente para que los servicios m\u00e9dicos prestaran asistencia al portero, que se encuentra ingresado en el Hospital CUF Porto. Casillas se encuentra estable y con el problema cardiaco resuelto&#8221;.<\/p>\n","protected":false},"excerpt":{"rendered":"<p>El guardameta tuvo que ser hospitalizado, pero se encuentra fuera de peligro. Se le realiz\u00f3 un cateterismo y est\u00e1 ingresado en el hospital CUF Porto.<\/p>\n","protected":false},"author":16,"featured_media":52510,"comment_status":"closed","ping_status":"closed","sticky":false,"template":"","format":"standard","meta":[],"categories":[2,60],"tags":[],"acf":[],"_links":{"self":[{"href":"https:\/\/colimdo.org\/wp-api\/wp\/v2\/posts\/52509"}],"collection":[{"href":"https:\/\/colimdo.org\/wp-api\/wp\/v2\/posts"}],"about":[{"href":"https:\/\/colimdo.org\/wp-api\/wp\/v2\/types\/post"}],"author":[{"embeddable":true,"href":"https:\/\/colimdo.org\/wp-api\/wp\/v2\/users\/16"}],"replies":[{"embeddable":true,"href":"https:\/\/colimdo.org\/wp-api\/wp\/v2\/comments?post=52509"}],"version-history":[{"count":1,"href":"https:\/\/colimdo.org\/wp-api\/wp\/v2\/posts\/52509\/revisions"}],"predecessor-version":[{"id":52511,"href":"https:\/\/colimdo.org\/wp-api\/wp\/v2\/posts\/52509\/revisions\/52511"}],"wp:featuredmedia":[{"embeddable":true,"href":"https:\/\/colimdo.org\/wp-api\/wp\/v2\/media\/52510"}],"wp:attachment":[{"href":"https:\/\/colimdo.org\/wp-api\/wp\/v2\/media?parent=52509"}],"wp:term":[{"taxonomy":"category","embeddable":true,"href":"https:\/\/colimdo.org\/wp-api\/wp\/v2\/categories?post=52509"},{"taxonomy":"post_tag","embeddable":true,"href":"https:\/\/colimdo.org\/wp-api\/wp\/v2\/tags?post=52509"}],"curies":[{"name":"wp","href":"https:\/\/api.w.org\/{rel}","templated":true}]}}