{"id":52517,"date":"2019-05-01T16:15:20","date_gmt":"2019-05-01T16:15:20","guid":{"rendered":"https:\/\/colimdo.org\/?p=52517"},"modified":"2019-05-01T16:15:20","modified_gmt":"2019-05-01T16:15:20","slug":"santo-domingo-san-cristobal-campeones-del-torneo-basket-nacional-3x3","status":"publish","type":"post","link":"https:\/\/colimdo.org\/noticias\/santo-domingo-san-cristobal-campeones-del-torneo-basket-nacional-3x3\/","title":{"rendered":"Santo Domingo y San Crist\u00f3bal campeones del torneo de basket nacional 3&#215;3"},"content":{"rendered":"<p class=\"x_MsoNormal\">SANTO DOMINGO. Los combinados de Santo Domingo y San Crist\u00f3bal fueron los campeones en la celebraci\u00f3n del Torneo Nacional de Baloncesto 3&#215;3 Masculino y Femenino U-18, que culmin\u00f3 este fin de semana en las canchas abiertas del Centro Ol\u00edmpico Juan Pablo Duarte.<\/p>\n<p class=\"x_MsoNormal\">La escuadra de la Provincia Santo Domingo domin\u00f3 en la rama femenina al vencer 14-11 al Distrito Nacional, en el encuentro por el primer lugar, en el certamen que estuvo\u00a0 dedicado al empresario Rafael -Raffy- Paz, director Ejecutivo del Consejo Nacional de la Competitividad.<\/p>\n<p class=\"x_MsoNormal\">Naomi Cuevas fue la mejor anotadora con siete puntos, seguido de Brianny P\u00e9rez y \u00c1ngela Jim\u00e9nez con cuatro y tres tantos cada una.<\/p>\n<p class=\"x_MsoNormal\">Por las del Distrito, se destacaron Yendry Acosta con siete tantos y Yaira Faneytte cuatro unidades.<\/p>\n<p class=\"x_MsoNormal\">En tercer lugar qued\u00f3 con conjunto de San Crist\u00f3bal tras imponerse 21-12 a Hato Mayor.<\/p>\n<p class=\"x_MsoNormal\">Katia Ben\u00edtez lider\u00f3 la ofensiva con 17 puntos y Marlon Linares col\u00f3 cuatro. Por las vencidas, Zoila Mart\u00ednez tuvo siete.<\/p>\n<p class=\"x_MsoNormal\"><b>San Crist\u00f3bal en masculino<\/b><\/p>\n<p class=\"x_MsoNormal\">En la rama masculina, la representaci\u00f3n de San Crist\u00f3bal se coron\u00f3 campeona al doblegar 20-17 a La Vega.<\/p>\n<p class=\"x_MsoNormal\">Omar Santana fue el l\u00edder anotador de los monarcas con ocho puntos, y con seis quedaron Christopher Santana y Jassel P\u00e9rez.<\/p>\n<p class=\"x_MsoNormal\">Por los ca\u00eddos, Pedro Concepci\u00f3n logr\u00f3 11.<\/p>\n<p class=\"x_MsoNormal\">En la tercera posici\u00f3n qued\u00f3 el Distrito que super\u00f3 18-12 a la Provincia Duarte.<\/p>\n<p class=\"x_MsoNormal\">Yonelbis Sabino marc\u00f3 siete unidades y Daniel Villa seis, mientras que por los vencidos, Darlin Pichardo cuatro.<\/p>\n<p class=\"x_MsoNormal\">El certamen fue organizado por la Federaci\u00f3n Dominicana de Baloncesto (Fedombal) y la Comisi\u00f3n Nacional de Basket 3&#215;3, que dirigen Rafael Uribe y Elka Jim\u00e9nez.<\/p>\n","protected":false},"excerpt":{"rendered":"<p>La escuadra de la Provincia Santo Domingo domin\u00f3 en la rama femenina al vencer 14-11 al Distrito Nacional, en el encuentro por el primer lugar, en el certamen que estuvo\u00a0 dedicado al empresario Rafael -Raffy- Paz, director Ejecutivo del Consejo Nacional de la Competitividad.<\/p>\n","protected":false},"author":16,"featured_media":52518,"comment_status":"closed","ping_status":"closed","sticky":false,"template":"","format":"standard","meta":[],"categories":[2,60],"tags":[],"acf":[],"_links":{"self":[{"href":"https:\/\/colimdo.org\/wp-api\/wp\/v2\/posts\/52517"}],"collection":[{"href":"https:\/\/colimdo.org\/wp-api\/wp\/v2\/posts"}],"about":[{"href":"https:\/\/colimdo.org\/wp-api\/wp\/v2\/types\/post"}],"author":[{"embeddable":true,"href":"https:\/\/colimdo.org\/wp-api\/wp\/v2\/users\/16"}],"replies":[{"embeddable":true,"href":"https:\/\/colimdo.org\/wp-api\/wp\/v2\/comments?post=52517"}],"version-history":[{"count":1,"href":"https:\/\/colimdo.org\/wp-api\/wp\/v2\/posts\/52517\/revisions"}],"predecessor-version":[{"id":52519,"href":"https:\/\/colimdo.org\/wp-api\/wp\/v2\/posts\/52517\/revisions\/52519"}],"wp:featuredmedia":[{"embeddable":true,"href":"https:\/\/colimdo.org\/wp-api\/wp\/v2\/media\/52518"}],"wp:attachment":[{"href":"https:\/\/colimdo.org\/wp-api\/wp\/v2\/media?parent=52517"}],"wp:term":[{"taxonomy":"category","embeddable":true,"href":"https:\/\/colimdo.org\/wp-api\/wp\/v2\/categories?post=52517"},{"taxonomy":"post_tag","embeddable":true,"href":"https:\/\/colimdo.org\/wp-api\/wp\/v2\/tags?post=52517"}],"curies":[{"name":"wp","href":"https:\/\/api.w.org\/{rel}","templated":true}]}}