{"id":52527,"date":"2019-05-01T20:16:07","date_gmt":"2019-05-01T20:16:07","guid":{"rendered":"https:\/\/colimdo.org\/?p=52527"},"modified":"2019-05-01T20:16:07","modified_gmt":"2019-05-01T20:16:07","slug":"cod-mandos-militares-policiales-uniran-esfuerzos-impulsar-deporte","status":"publish","type":"post","link":"https:\/\/colimdo.org\/noticias\/cod-mandos-militares-policiales-uniran-esfuerzos-impulsar-deporte\/","title":{"rendered":"COD y mandos militares y policiales unir\u00e1n esfuerzos para impulsar el deporte"},"content":{"rendered":"<p class=\"x_ydpc9c26461MsoNormal\"><span lang=\"ES-TRAD\">\u00a0<\/span><\/p>\n<p class=\"x_ydpc9c26461MsoNormal\"><span lang=\"ES-TRAD\">SANTO DOMINGO.- El Comit\u00e9 Ol\u00edmpico Dominicano (COD), las Fuerzas Armadas y la Polic\u00eda Nacional unir\u00e1n esfuerzos para fortalecer el crecimiento y desarrollo del deporte en todos los niveles en la Rep\u00fablica Dominicana.<\/span><\/p>\n<p class=\"x_ydpc9c26461MsoNormal\"><span lang=\"ES-TRAD\">El anuncio fue hecho por el Ministro de Defensa teniente general Rub\u00e9n Paulino Sem, al t\u00e9rmino de un encuentro convocado por el COD y en el que participaron el Ministro de Deportes, los Comandantes de los diferentes organismos castrenses, as\u00ed como el Director de la Polic\u00eda Nacional y el presidente del C\u00edrculo Deportivo de las Fuerzas Armadas y la Polic\u00eda Nacional y otras personalidades del alto mando militar del pa\u00eds.<\/span><\/p>\n<p class=\"x_ydpc9c26461MsoNormal\"><span lang=\"ES-TRAD\">\u201cNos ha llenado de mucha satisfacci\u00f3n este encuentro. Ha sido de mucho provecho porque hemos conocidos muchos datos que no conoc\u00edamos\u201d, declar\u00f3 el teniente general Paulino Sem.<\/span><\/p>\n<p class=\"x_ydpc9c26461MsoNormal\"><span lang=\"ES-TRAD\">Favoreci\u00f3 la celebraci\u00f3n de este encuentro y espera que el mismo pueda replicarse. Tambi\u00e9n habl\u00f3 de una serie de acciones inmediatas que incluye visitas al Albergue Ol\u00edmpico y la visita de la dirigencia del COD a las diferentes instituciones militares y policiales que forman el C\u00edrculo Deportivo de las Fuerzas Armadas y la Polic\u00eda Nacional.<\/span><\/p>\n<p class=\"x_ydpc9c26461MsoNormal\"><span lang=\"ES-TRAD\">De su lado, el Ministro de Deportes, licenciado Danilo D\u00edaz Vizca\u00edno, quien calific\u00f3 el encuentro de \u201caltamente positivo\u201d. \u201cPudimos avanzar y tratar temas que tenemos en com\u00fan\u201d, citando el Albergue Ol\u00edmpico, la disposici\u00f3n del los medios de comunicaciones del COD, incluyendo el Canal Ol\u00edmpico, adem\u00e1s de identificar proyectos a desarrollar con los atletas militares y el descubrimiento de nuevos talentos que no est\u00e1n en el deporte de alta competici\u00f3n.<\/span><\/p>\n<p class=\"x_ydpc9c26461MsoNormal\"><span lang=\"ES-TRAD\">En la reuni\u00f3n encabezada por el licenciado Luis Mej\u00eda Oviedo, presidente del COD, quien estuvo acompa\u00f1ado por el pleno del Comit\u00e9 Ejecutivo de ese organismo, tambi\u00e9n se habl\u00f3 de la importancia del encuentro.<\/span><\/p>\n<p class=\"x_ydpc9c26461MsoNormal\"><span lang=\"ES-TRAD\">Mej\u00eda Oviedo insisti\u00f3 que el COD continuar\u00e1 abri\u00e9ndose a las diferentes instituciones de la sociedad dominicana para dar a conocer \u201cqu\u00e9 hacemos y c\u00f3mo lo hacemos\u201d.<\/span><\/p>\n<p class=\"x_ydpc9c26461MsoNormal\"><span lang=\"ES-TRAD\">Inform\u00f3 que el COD se estar\u00e1 reuniendo oportunamente con otros sectores entre los que cit\u00f3 a Asociaci\u00f3n Nacional de J\u00f3venes Empresarios (ANGE), el Consejo Nacional de la Empresa Privada (CONEP), el Episcopado Dominicano, entre otras instituciones.<\/span><\/p>\n<p class=\"x_ydpc9c26461MsoNormal\"><span lang=\"ES-TRAD\">En el encuentro participaron tambi\u00e9n\u00a0<\/span><span lang=\"ES-TRAD\">Mayor General Estanislao Gonell Regalado, Comandante General del\u00a0<\/span><em><b><span lang=\"ES-TRAD\">Ej\u00e9rcito<\/span><\/b><\/em><span lang=\"ES-TRAD\">\u00a0de\u00a0<\/span><em><b><span lang=\"ES-TRAD\">Rep\u00fablica Dominicana;<\/span><\/b><\/em><span lang=\"ES-TRAD\">\u00a0<\/span><span lang=\"ES-TRAD\">Mayor General Piloto Richard V\u00e1squez Jim\u00e9nez, Jefe de la Fuerza A\u00e9rea de la Rep\u00fablica Dominicana; el Vicealmirante Emilio Recio Segura, Jefe de la Armada de Rep\u00fablica Dominicana; El mayor general Ney Aldrin Bautista Almonte, Director General de la Polic\u00eda Nacional.<\/span><\/p>\n<p class=\"x_ydpc9c26461MsoNormal\"><span lang=\"ES-TRAD\">Tambi\u00e9n estuvieron el coronel Kalil Hach\u00e9 Malk\u00fan, presidente del C\u00edrculo Deportivo de las Fuerzas Armadas y la Polic\u00eda Nacional; el doctor Jos\u00e9 Joaqu\u00edn Puello Herrera, presidente Ad Vitam del COD, adem\u00e1s Gilberto Garc\u00eda, Luis Chalatte, Rafael Uribe, F\u00e9lix S\u00e1nchez, Jos\u00e9 Luis Ram\u00edrez, Rafael Villalona, Gerardo Suero Correa, Nelson Ram\u00edrez y Luis Elpidio Cumba, miembros del Comit\u00e9 Ejecutivo del COD, entre otros.<\/span><\/p>\n","protected":false},"excerpt":{"rendered":"<p>\u00a0 SANTO DOMINGO.- El Comit\u00e9 Ol\u00edmpico Dominicano (COD), las Fuerzas Armadas y la Polic\u00eda Nacional unir\u00e1n esfuerzos para fortalecer el crecimiento y desarrollo del deporte en todos los niveles en la Rep\u00fablica Dominicana. El anuncio fue hecho por el Ministro de Defensa teniente general Rub\u00e9n Paulino Sem, al t\u00e9rmino de un encuentro convocado por el [&hellip;]<\/p>\n","protected":false},"author":16,"featured_media":52528,"comment_status":"closed","ping_status":"closed","sticky":false,"template":"","format":"standard","meta":[],"categories":[2,60],"tags":[],"acf":[],"_links":{"self":[{"href":"https:\/\/colimdo.org\/wp-api\/wp\/v2\/posts\/52527"}],"collection":[{"href":"https:\/\/colimdo.org\/wp-api\/wp\/v2\/posts"}],"about":[{"href":"https:\/\/colimdo.org\/wp-api\/wp\/v2\/types\/post"}],"author":[{"embeddable":true,"href":"https:\/\/colimdo.org\/wp-api\/wp\/v2\/users\/16"}],"replies":[{"embeddable":true,"href":"https:\/\/colimdo.org\/wp-api\/wp\/v2\/comments?post=52527"}],"version-history":[{"count":1,"href":"https:\/\/colimdo.org\/wp-api\/wp\/v2\/posts\/52527\/revisions"}],"predecessor-version":[{"id":52529,"href":"https:\/\/colimdo.org\/wp-api\/wp\/v2\/posts\/52527\/revisions\/52529"}],"wp:featuredmedia":[{"embeddable":true,"href":"https:\/\/colimdo.org\/wp-api\/wp\/v2\/media\/52528"}],"wp:attachment":[{"href":"https:\/\/colimdo.org\/wp-api\/wp\/v2\/media?parent=52527"}],"wp:term":[{"taxonomy":"category","embeddable":true,"href":"https:\/\/colimdo.org\/wp-api\/wp\/v2\/categories?post=52527"},{"taxonomy":"post_tag","embeddable":true,"href":"https:\/\/colimdo.org\/wp-api\/wp\/v2\/tags?post=52527"}],"curies":[{"name":"wp","href":"https:\/\/api.w.org\/{rel}","templated":true}]}}