{"id":52553,"date":"2019-05-02T04:28:25","date_gmt":"2019-05-02T04:28:25","guid":{"rendered":"https:\/\/colimdo.org\/?p=52553"},"modified":"2019-05-02T04:29:03","modified_gmt":"2019-05-02T04:29:03","slug":"barbara-hernandez-electa-presidenta-asociacion-tiro-arco-santiago","status":"publish","type":"post","link":"https:\/\/colimdo.org\/noticias\/barbara-hernandez-electa-presidenta-asociacion-tiro-arco-santiago\/","title":{"rendered":"B\u00e1rbara Hern\u00e1ndez, electa presidenta Asociaci\u00f3n Tiro con Arco Santiago"},"content":{"rendered":"<p><strong>SANTO DOMINGO<\/strong>. B\u00e1rbara Hern\u00e1ndez result\u00f3 electa presidenta de la Asociaci\u00f3n de Tiro con Arco de Santiago (ASOTASA) para el per\u00edodo 2019-2021 durante los comicios celebrados recientemente en Santiago.<\/p>\n<p>Hern\u00e1ndez, quien por varios per\u00edodos hab\u00eda ocupado la presidencia de la Federaci\u00f3n Dominicana de Tiro con Arco (Fedota), encabez\u00f3 la Plancha Unitaria 2019-2021, la cual fue elegida a unanimidad por los clubes miembros de la Asotasa.<\/p>\n<p>El nuevo comit\u00e9 ejecutivo de la Asotasa est\u00e1 integrado adem\u00e1s por Juan Adalberto Thomas, primer vicepresidente; Rub\u00e9n Dar\u00edo Jim\u00e9nez, segundo vicepresidente; Amarilis Reyes Rosario, secretaria general; Jos\u00e9 R. Casta\u00f1eda, tesorero; Richard Manuel Espinal y Edwin Ariel Arias, primer y segundo vocal, respectivamente, mientras que Juan H\u00e9ctor Jos\u00e9 Steffani, asesor.<\/p>\n<p>Al ser juramentados, el nuevo comit\u00e9 ejecutivo de Asotada se comprometi\u00f3 a continuar con el desarrollo del tiro con arco en la provincia Santiago.<\/p>\n<p>La comisi\u00f3n electoral estuvo presidida por los se\u00f1ores Jos\u00e9 Miguel Robiou, presidente de Fedota; Richard Guzm\u00e1n, representante de la Uni\u00f3n Deportiva de Santiago (UDESA), y Antonio-Tony-Betances, en representaci\u00f3n de los arqueros de Asotasa.<\/p>\n","protected":false},"excerpt":{"rendered":"<p>La dirigente deportivo encabez\u00f3 la Plancha Unitaria 2019-2021, la cual result\u00f3 electa de manera un\u00e1nime por los clubes miembros de la entidad.<\/p>\n","protected":false},"author":13,"featured_media":52554,"comment_status":"closed","ping_status":"closed","sticky":false,"template":"","format":"standard","meta":[],"categories":[2,60],"tags":[],"acf":[],"_links":{"self":[{"href":"https:\/\/colimdo.org\/wp-api\/wp\/v2\/posts\/52553"}],"collection":[{"href":"https:\/\/colimdo.org\/wp-api\/wp\/v2\/posts"}],"about":[{"href":"https:\/\/colimdo.org\/wp-api\/wp\/v2\/types\/post"}],"author":[{"embeddable":true,"href":"https:\/\/colimdo.org\/wp-api\/wp\/v2\/users\/13"}],"replies":[{"embeddable":true,"href":"https:\/\/colimdo.org\/wp-api\/wp\/v2\/comments?post=52553"}],"version-history":[{"count":1,"href":"https:\/\/colimdo.org\/wp-api\/wp\/v2\/posts\/52553\/revisions"}],"predecessor-version":[{"id":52555,"href":"https:\/\/colimdo.org\/wp-api\/wp\/v2\/posts\/52553\/revisions\/52555"}],"wp:featuredmedia":[{"embeddable":true,"href":"https:\/\/colimdo.org\/wp-api\/wp\/v2\/media\/52554"}],"wp:attachment":[{"href":"https:\/\/colimdo.org\/wp-api\/wp\/v2\/media?parent=52553"}],"wp:term":[{"taxonomy":"category","embeddable":true,"href":"https:\/\/colimdo.org\/wp-api\/wp\/v2\/categories?post=52553"},{"taxonomy":"post_tag","embeddable":true,"href":"https:\/\/colimdo.org\/wp-api\/wp\/v2\/tags?post=52553"}],"curies":[{"name":"wp","href":"https:\/\/api.w.org\/{rel}","templated":true}]}}