{"id":52564,"date":"2019-05-02T15:21:08","date_gmt":"2019-05-02T15:21:08","guid":{"rendered":"https:\/\/colimdo.org\/?p=52564"},"modified":"2019-05-02T15:21:08","modified_gmt":"2019-05-02T15:21:08","slug":"competencias-atletismo-los-juegos-militares-inician-hoy-la-romana","status":"publish","type":"post","link":"https:\/\/colimdo.org\/noticias\/competencias-atletismo-los-juegos-militares-inician-hoy-la-romana\/","title":{"rendered":"Competencias de atletismo de los Juegos Militares inician hoy en La Romana"},"content":{"rendered":"<div dir=\"ltr\">\n<p class=\"x_MsoNormal\">La ROMANA.- La disciplina de atletismo de los 50 Juegos deportivos de las Fuerzas Armadas y la Polic\u00eda Nacional, que est\u00e1n dedicados al Ministro de Defensa, Teniente General Rub\u00e9n Dar\u00edo Paulino Sem, E.R.D., ser\u00e1n realizadas desde hoy\u00a0 jueves 2 de mayo en esta ciudad.<\/p>\n<p class=\"x_MsoNormal\">Como parte de lo que es llevar el deporte militar hasta el rinc\u00f3n m\u00e1s profundo del territorio Nacional, en esta oportunidad, el Comit\u00e9 Organizador de la Justa atl\u00e9tica junto al Circulo Deportivo de las Fuerzas Armadas y la Polic\u00eda Nacional, dirigido por el coronel Kalil \u201cHache Malkun, E.R.D., anuncio el atletismo ser\u00e1 celebrado en La Romana y ser\u00e1 dedicado al Central Romana.<\/p>\n<p class=\"x_MsoNormal\">Las competencias de atletismo en sus diferentes divisiones, ser\u00e1n realizadas aqu\u00ed hasta el pr\u00f3ximo d\u00eda 4 del presente mes.<\/p>\n<p class=\"x_MsoNormal\">La inauguraci\u00f3n de las competencias se realizara a las 4:00 de la tarde, pero previo ser efectuara un acto protocolar donde estar\u00e1n presentes las principales autoridades de la provincia.<\/p>\n<p class=\"x_MsoNormal\">El presidente del comit\u00e9 organizador de los juegos , Augusto Alberto Lizardo Gonz\u00e1lez, Capit\u00e1n de Nav\u00edo A.R.D , dio a conocer parte de la programaci\u00f3n de las competencias, donde se realizaran triple salto, carrera de 100; 200 y 400 metros en las ramas masculino y femenina , tanto individual como relevo, lanzamiento de la jabalina entre otras.<\/p>\n<p class=\"x_MsoNormal\">El doctor Teodoro Reyes Ursino, Gobernador de la Provincia de La Romana, dijo que \u00a0el marat\u00f3n de la justa, disciplina emblem\u00e1tica del atletismo, estar\u00e1 recorriendo diferentes v\u00edas de La Romana.<\/p>\n<\/div>\n","protected":false},"excerpt":{"rendered":"<p>Como parte de lo que es llevar el deporte militar hasta el rinc\u00f3n m\u00e1s profundo del territorio Nacional, en esta oportunidad, el Comit\u00e9 Organizador de la Justa atl\u00e9tica junto al Circulo Deportivo de las Fuerzas Armadas y la Polic\u00eda Nacional, dirigido por el coronel Kalil \u201cHache Malkun, E.R.D., anuncio el atletismo ser\u00e1 celebrado en La Romana y ser\u00e1 dedicado al Central Romana.<\/p>\n","protected":false},"author":16,"featured_media":52565,"comment_status":"closed","ping_status":"closed","sticky":false,"template":"","format":"standard","meta":[],"categories":[2,60],"tags":[],"acf":[],"_links":{"self":[{"href":"https:\/\/colimdo.org\/wp-api\/wp\/v2\/posts\/52564"}],"collection":[{"href":"https:\/\/colimdo.org\/wp-api\/wp\/v2\/posts"}],"about":[{"href":"https:\/\/colimdo.org\/wp-api\/wp\/v2\/types\/post"}],"author":[{"embeddable":true,"href":"https:\/\/colimdo.org\/wp-api\/wp\/v2\/users\/16"}],"replies":[{"embeddable":true,"href":"https:\/\/colimdo.org\/wp-api\/wp\/v2\/comments?post=52564"}],"version-history":[{"count":1,"href":"https:\/\/colimdo.org\/wp-api\/wp\/v2\/posts\/52564\/revisions"}],"predecessor-version":[{"id":52566,"href":"https:\/\/colimdo.org\/wp-api\/wp\/v2\/posts\/52564\/revisions\/52566"}],"wp:featuredmedia":[{"embeddable":true,"href":"https:\/\/colimdo.org\/wp-api\/wp\/v2\/media\/52565"}],"wp:attachment":[{"href":"https:\/\/colimdo.org\/wp-api\/wp\/v2\/media?parent=52564"}],"wp:term":[{"taxonomy":"category","embeddable":true,"href":"https:\/\/colimdo.org\/wp-api\/wp\/v2\/categories?post=52564"},{"taxonomy":"post_tag","embeddable":true,"href":"https:\/\/colimdo.org\/wp-api\/wp\/v2\/tags?post=52564"}],"curies":[{"name":"wp","href":"https:\/\/api.w.org\/{rel}","templated":true}]}}