{"id":52570,"date":"2019-05-02T16:11:50","date_gmt":"2019-05-02T16:11:50","guid":{"rendered":"https:\/\/colimdo.org\/?p=52570"},"modified":"2019-05-02T16:11:50","modified_gmt":"2019-05-02T16:11:50","slug":"yamilet-pena-hara-este-sabado-exhibicion-club-naco","status":"publish","type":"post","link":"https:\/\/colimdo.org\/noticias\/yamilet-pena-hara-este-sabado-exhibicion-club-naco\/","title":{"rendered":"Yamilet Pe\u00f1a har\u00e1 este s\u00e1bado exhibici\u00f3n en Club Naco"},"content":{"rendered":"<p id=\"x_geom_inter_1556797522741_48_124\">SANTO DOMINGO. La medallista Panamericana y Centroamericana y del Caribe de Gimnasia, Yamilet Pena, realizar\u00e1 este s\u00e1bado 04 de mayo una exhibici\u00f3n en las instalaciones del Club Deportivo Naco a partir de las 10 de la ma\u00f1ana.<\/p>\n<p>La informaci\u00f3n la dio a conocer el Director de Deportes del Club Naco, el ex selecci\u00f3n nacional de tenis de mesa, Francisco Boyero.<\/p>\n<p>Manifest\u00f3 que esa exhibici\u00f3n ser\u00e1 de mucho provecho para cientos de ni\u00f1as y ni\u00f1os que han abrazado este deporte por pasi\u00f3n y entrega.<\/p>\n<p id=\"x_geom_inter_1556797522744_44_130\"><span id=\"x_geom_inter_1556797522741_54_126\">Sostuvo que las nuevas instalaciones de gimnasia que fueron inauguradas hace varias semanas atr\u00e1s, ofrecen todas las facilidades para que la medallista panamericana haga su trabajo con gran comodidad.<\/span><\/p>\n<p id=\"x_geom_inter_1556797522741_92_127\"><b>Nados Largos y M\u00e1ster\u00a0de Baloncesto<\/b><\/p>\n<p id=\"x_geom_inter_1556797522741_30_128\">Indico que existe un gran entusiasmo en la familia del Club Naco con las actividades deportivas que se celebraran s\u00e1bado y domingo que incluye, adem\u00e1s, de la Gimnasia, los eventos en Nados Largos y M\u00e1ster de Baloncesto.<\/p>\n<p>El s\u00e1bado se celebrar\u00e1n a las nueve de la ma\u00f1ana\u00a0\u00a0las competencias de Nados Largos de los Delfines del Naco y concluir\u00e1n al d\u00eda siguiente de domingo.<\/p>\n<p>Mientras que el domingo 05 de mayo se montar\u00e1\u00a0\u00a0el Torneo de la Liga de M\u00e1ster de Baloncesto a las 10 de la ma\u00f1ana.<\/p>\n","protected":false},"excerpt":{"rendered":"<p>La informaci\u00f3n la dio a conocer el Director de Deportes del Club Naco, el ex selecci\u00f3n nacional de tenis de mesa, Francisco Boyero.<\/p>\n","protected":false},"author":16,"featured_media":52571,"comment_status":"closed","ping_status":"closed","sticky":false,"template":"","format":"standard","meta":[],"categories":[2,60],"tags":[],"acf":[],"_links":{"self":[{"href":"https:\/\/colimdo.org\/wp-api\/wp\/v2\/posts\/52570"}],"collection":[{"href":"https:\/\/colimdo.org\/wp-api\/wp\/v2\/posts"}],"about":[{"href":"https:\/\/colimdo.org\/wp-api\/wp\/v2\/types\/post"}],"author":[{"embeddable":true,"href":"https:\/\/colimdo.org\/wp-api\/wp\/v2\/users\/16"}],"replies":[{"embeddable":true,"href":"https:\/\/colimdo.org\/wp-api\/wp\/v2\/comments?post=52570"}],"version-history":[{"count":1,"href":"https:\/\/colimdo.org\/wp-api\/wp\/v2\/posts\/52570\/revisions"}],"predecessor-version":[{"id":52572,"href":"https:\/\/colimdo.org\/wp-api\/wp\/v2\/posts\/52570\/revisions\/52572"}],"wp:featuredmedia":[{"embeddable":true,"href":"https:\/\/colimdo.org\/wp-api\/wp\/v2\/media\/52571"}],"wp:attachment":[{"href":"https:\/\/colimdo.org\/wp-api\/wp\/v2\/media?parent=52570"}],"wp:term":[{"taxonomy":"category","embeddable":true,"href":"https:\/\/colimdo.org\/wp-api\/wp\/v2\/categories?post=52570"},{"taxonomy":"post_tag","embeddable":true,"href":"https:\/\/colimdo.org\/wp-api\/wp\/v2\/tags?post=52570"}],"curies":[{"name":"wp","href":"https:\/\/api.w.org\/{rel}","templated":true}]}}