{"id":52576,"date":"2019-05-02T16:53:16","date_gmt":"2019-05-02T16:53:16","guid":{"rendered":"https:\/\/colimdo.org\/?p=52576"},"modified":"2019-05-02T16:53:16","modified_gmt":"2019-05-02T16:53:16","slug":"judo-militar-sera-este-viernes-copa-cadete-junior-inicia-sabado","status":"publish","type":"post","link":"https:\/\/colimdo.org\/noticias\/judo-militar-sera-este-viernes-copa-cadete-junior-inicia-sabado\/","title":{"rendered":"Judo militar ser\u00e1 este viernes; Copa cadete y junior inicia el s\u00e1bado"},"content":{"rendered":"<p><b><span lang=\"ES-DO\">SANTO DOMINGO<\/span><\/b><span lang=\"ES-DO\">. El torneo de judo de la edici\u00f3n 50 de los Juegos Deportivos Militares y Policiales se llevar\u00e1 a cabo este viernes, desde las 9:00 de la ma\u00f1ana, en la Casa Nacional del Judo del Centro Ol\u00edmpico.<\/span><\/p>\n<p><span lang=\"ES-DO\">La ceremonia oficial de inauguraci\u00f3n est\u00e1 pautada para las 11:00 de la ma\u00f1ana, seg\u00fan dio a conocer el licenciado Gilberto Garc\u00eda, presidente de la Federaci\u00f3n Dominicana de Judo (Fedojudo).<\/span><\/p>\n<p><span lang=\"ES-DO\">La primera jornada incluir\u00e1 las competencias de kata y luego las incidencias por equipos.<\/span><\/p>\n<p><span lang=\"ES-DO\">La representaci\u00f3n de la Armada de la Rep\u00fablica Dominicana (ARM) busca su s\u00e9ptima corona seguida como monarca del judo de los Juegos Militares y Policiales.<\/span><\/p>\n<p><b><span lang=\"ES-DO\">COPA PANAM ABIERTA CADETE Y JUNIOR ESTE S\u00c0BADO<\/span><\/b><\/p>\n<p><span lang=\"ES-DO\">Concluido el torneo de judo de los Juegos Militares, el escenario quedar\u00e1 disponible para la celebraci\u00f3n de la Copa Panamericana Abierta Cadete y Junior Ranking Mundial en la Casa Nacional de esa disciplina.<\/span><\/p>\n<p><span lang=\"ES-DO\">Para el s\u00e1bado, las competencias comenzar\u00e1n a las 9:00 de la ma\u00f1ana, mientras que la ceremonia de inauguraci\u00f3n est\u00e1 pautada para las 4:00 de la tarde y luego ser\u00e1n los combates por medallas.<\/span><\/p>\n<p><span lang=\"ES-DO\">En el torneo, que concluir\u00e1 el domingo, participar\u00e1n atletas de 12 pa\u00edses y tiene una dedicatoria especial\u00a0a Thimo Pimentel y a Tony Wittkop, ambos expresidentes de la Fedojudo.<\/span><\/p>\n<p><span lang=\"ES-DO\">Las actividades inician este viernes con la celebraci\u00f3n del congresillo t\u00e9cnico donde se determinar\u00e1n los apareamientos de competencias, y tambi\u00e9n se har\u00e1 el pesaje.<\/span><span lang=\"ES-DO\">\u00a0<\/span><span lang=\"ES-DO\">El sistema\u00a0de\u00a0competici\u00f3n es\u00a0de\u00a0eliminatoria simple, con repechaje doble cruzado.<\/span><\/p>\n<p><span lang=\"ES-DO\">El certamen es organizado por la Fedojudo, con el apoyo\u00a0de\u00a0la Federaci\u00f3n Internacional\u00a0de ese deporte y\u00a0la Confederaci\u00f3n\u00a0Panamericana de Judo\u00a0(CPJ), que preside el mexicano Manuel Larra\u00f1aga.<\/span><\/p>\n","protected":false},"excerpt":{"rendered":"<p>El torneo de judo de la edici\u00f3n 50 de los Juegos Deportivos Militares y Policiales se llevar\u00e1 a cabo este viernes, desde las 9:00 de la ma\u00f1ana, en la Casa Nacional del Judo del Centro Ol\u00edmpico, escenario en el cual se efectuar\u00e1 la Copa Panamericana Abierta Cadete y Junior Ranking Mundial.<\/p>\n","protected":false},"author":16,"featured_media":52577,"comment_status":"closed","ping_status":"closed","sticky":false,"template":"","format":"standard","meta":[],"categories":[2,60],"tags":[],"acf":[],"_links":{"self":[{"href":"https:\/\/colimdo.org\/wp-api\/wp\/v2\/posts\/52576"}],"collection":[{"href":"https:\/\/colimdo.org\/wp-api\/wp\/v2\/posts"}],"about":[{"href":"https:\/\/colimdo.org\/wp-api\/wp\/v2\/types\/post"}],"author":[{"embeddable":true,"href":"https:\/\/colimdo.org\/wp-api\/wp\/v2\/users\/16"}],"replies":[{"embeddable":true,"href":"https:\/\/colimdo.org\/wp-api\/wp\/v2\/comments?post=52576"}],"version-history":[{"count":1,"href":"https:\/\/colimdo.org\/wp-api\/wp\/v2\/posts\/52576\/revisions"}],"predecessor-version":[{"id":52578,"href":"https:\/\/colimdo.org\/wp-api\/wp\/v2\/posts\/52576\/revisions\/52578"}],"wp:featuredmedia":[{"embeddable":true,"href":"https:\/\/colimdo.org\/wp-api\/wp\/v2\/media\/52577"}],"wp:attachment":[{"href":"https:\/\/colimdo.org\/wp-api\/wp\/v2\/media?parent=52576"}],"wp:term":[{"taxonomy":"category","embeddable":true,"href":"https:\/\/colimdo.org\/wp-api\/wp\/v2\/categories?post=52576"},{"taxonomy":"post_tag","embeddable":true,"href":"https:\/\/colimdo.org\/wp-api\/wp\/v2\/tags?post=52576"}],"curies":[{"name":"wp","href":"https:\/\/api.w.org\/{rel}","templated":true}]}}