{"id":52599,"date":"2019-05-03T04:11:40","date_gmt":"2019-05-03T04:11:40","guid":{"rendered":"https:\/\/colimdo.org\/?p=52599"},"modified":"2019-05-03T04:11:48","modified_gmt":"2019-05-03T04:11:48","slug":"badminton-pone-marcha-este-viernes-primer-torneo-nacional","status":"publish","type":"post","link":"https:\/\/colimdo.org\/noticias\/badminton-pone-marcha-este-viernes-primer-torneo-nacional\/","title":{"rendered":"B\u00e1dminton pone en marcha este viernes Primer Torneo Nacional"},"content":{"rendered":"<p>Santo Domingo. &#8211;\u00a0\u00a0Con la participaci\u00f3n de 388 atletas de 18 provincias del pa\u00eds inicia este viernes el I Torneo Nacional de B\u00e1dminton 2019 por categor\u00edas, Copa Ortiz Celado, evento que se desarrolla en el Pabell\u00f3n de Karate en el Centro Ol\u00edmpico Juan Pablo Duarte, bajo el auspicio de Ministerio de Deportes y el Comit\u00e9 Ol\u00edmpico Dominicano.<\/p>\n<p>Aunque los partidos inician desde este viernes a las dos de la tarde, el acto inaugural est\u00e1 pautado para las 4:00 de la tarde y al mismo est\u00e1n convocados, el ministro de Deportes Danilo D\u00edaz Vizca\u00edno, y el presidente del Comit\u00e9 Ol\u00edmpico Dominicano, Luis Mejia Oviedo, y su Comit\u00e9 Ejecutivo en pleno, entre otros invitados especiales.<\/p>\n<p>El certamen, que es organizado por la Federaci\u00f3n Dominicana de B\u00e1dminton,\u00a0tendr\u00e1 como ingrediente especial la participaci\u00f3n de la Selecci\u00f3n Nacional Superior en una categor\u00eda exclusiva, y los atletas con Discapacidad (PARABADMINTON),\u00a0clasificando al mejor de cada categor\u00eda a los campeonatos Panamericano (Canad\u00e1 2019) y del Caribe (Barbados 2019).<\/p>\n<p>La competici\u00f3n de la Selecci\u00f3n Nacional en categor\u00eda exclusiva servir\u00e1 para poner a tono a equipo que viaja el pr\u00f3ximo martes 7 de mayo hacia Lima, Per\u00fa a participar en el Per\u00fa Future Series 2019, como parte de los torneos internacionales de preparaci\u00f3n rumbo a los Juegos Panamericanos.<\/p>\n<p>Los integrantes del tricolor son los atletas: Nelson Javier, Nairoby Jim\u00e9nez, William Cabrera, Bermary Polanco, Cesar Brito, Claritza Pie, junto a los Miguel Feliz y Orlando Cala (entrenadores) y Rafael Sant\u00edn (delegado).<\/p>\n<p>La coordinaci\u00f3n general de I Torneo Nacional de B\u00e1dminton 2019 por categor\u00edas, Copa Rafael Ortiz Celado, recaer\u00e1 en el presidente de la instituci\u00f3n Generoso Castillo, el director t\u00e9cnico ser\u00e1 el profesor Gregorio Figuereo, Efra\u00edn Fabi\u00e1n fungir\u00e1 como r\u00e9feri oficial, Danilo Pereira estar\u00e1 como encargado del protocolo, Rafael Lora dirigir\u00e1 el equipo de montaje y Alberto Almanzar tendr\u00e1 la direcci\u00f3n administrativa.<\/p>\n<p>Tambi\u00e9n conforman el equipo de trabajo, Rafael Sant\u00edn (Hidrataci\u00f3n), Miguel Feliz (alimentaci\u00f3n) y Benancio Escalante (hospedaje).<\/p>\n<p>Para participar en la justa se realizaron eventos clasificatorios regionales divididos en: Sur (Azua, San Crist\u00f3bal, Ocoa, El\u00edas Pi\u00f1a, Barahona, San Juan de la Maguana y Neyba); Norte (Nagua, Valverde, Espaillat y Hermanas Mirabal); Este (Bayaguana, La Romana, San Pedro de Macor\u00eds, Seibo y Hato Mayor); y Metropolitana (Santo Domingo y Distrito Nacional).<\/p>\n<p>Rafael Ortiz Celado, a quien se dedica cada a\u00f1o la 1era copa nacional, fue un dirigente oriundo de Bani responsable de traer al pa\u00eds, el B\u00e1dminton, Hockey, Balonmano, como parte de los compromisos asumidos por la naci\u00f3n para montar la sede de los Juegos Panamericanos, Santo Domingo 2003.<\/p>\n","protected":false},"excerpt":{"rendered":"<p>Los partidos inician a las 2:00 de la tarde, mientras que la ceremonia oficial de inauguraci\u00f3n est\u00e1 pautada para las 4:00 de la tarde en el Pabell\u00f3n de Karate.<\/p>\n","protected":false},"author":13,"featured_media":52600,"comment_status":"closed","ping_status":"closed","sticky":false,"template":"","format":"standard","meta":[],"categories":[2,60],"tags":[],"acf":[],"_links":{"self":[{"href":"https:\/\/colimdo.org\/wp-api\/wp\/v2\/posts\/52599"}],"collection":[{"href":"https:\/\/colimdo.org\/wp-api\/wp\/v2\/posts"}],"about":[{"href":"https:\/\/colimdo.org\/wp-api\/wp\/v2\/types\/post"}],"author":[{"embeddable":true,"href":"https:\/\/colimdo.org\/wp-api\/wp\/v2\/users\/13"}],"replies":[{"embeddable":true,"href":"https:\/\/colimdo.org\/wp-api\/wp\/v2\/comments?post=52599"}],"version-history":[{"count":1,"href":"https:\/\/colimdo.org\/wp-api\/wp\/v2\/posts\/52599\/revisions"}],"predecessor-version":[{"id":52601,"href":"https:\/\/colimdo.org\/wp-api\/wp\/v2\/posts\/52599\/revisions\/52601"}],"wp:featuredmedia":[{"embeddable":true,"href":"https:\/\/colimdo.org\/wp-api\/wp\/v2\/media\/52600"}],"wp:attachment":[{"href":"https:\/\/colimdo.org\/wp-api\/wp\/v2\/media?parent=52599"}],"wp:term":[{"taxonomy":"category","embeddable":true,"href":"https:\/\/colimdo.org\/wp-api\/wp\/v2\/categories?post=52599"},{"taxonomy":"post_tag","embeddable":true,"href":"https:\/\/colimdo.org\/wp-api\/wp\/v2\/tags?post=52599"}],"curies":[{"name":"wp","href":"https:\/\/api.w.org\/{rel}","templated":true}]}}