{"id":52607,"date":"2019-05-03T13:30:48","date_gmt":"2019-05-03T13:30:48","guid":{"rendered":"https:\/\/colimdo.org\/?p=52607"},"modified":"2019-05-03T13:30:48","modified_gmt":"2019-05-03T13:30:48","slug":"medallista-olimpico-los-deportistas-discapacidad-tenemos-los-mismos-suenos","status":"publish","type":"post","link":"https:\/\/colimdo.org\/noticias\/medallista-olimpico-los-deportistas-discapacidad-tenemos-los-mismos-suenos\/","title":{"rendered":"Medallista ol\u00edmpico: &#8220;Los deportistas con discapacidad tenemos los mismos sue\u00f1os&#8221;"},"content":{"rendered":"<p class=\"canvas-atom canvas-text Mb(1.0em) Mb(0)--sm Mt(0.8em)--sm\">Maadid (Marruecos), 3 may (EFE).- El t\u00e1ndem formado por los campeones mundiales en ruta y pista y subcampeones ol\u00edmpicos Joan Font e Ignacio \u00c1vila cumpli\u00f3 el objetivo de lograr un triunfo de etapa en la Titan Desert que finaliz\u00f3 en Maadid.<\/p>\n<p class=\"canvas-atom canvas-text Mb(1.0em) Mb(0)--sm Mt(0.8em)--sm\">Tras un intento fallido en la edici\u00f3n de 2017 y tras varios puestos de honor en esta edici\u00f3n, lleg\u00f3 el momento de saborear la gloria en el desierto.<\/p>\n<p class=\"canvas-atom canvas-text Mb(1.0em) Mb(0)--sm Mt(0.8em)--sm\">&#8220;Estamos muy felices, era el objetivo de 2017 y no pudimos. Ahora lo hemos logrado y es algo maravilloso. Cuando lo consigues te compensa todo el esfuerzo y el sufrimiento que hemos pasado en las dunas. Habia gente muy buena en la carrera y nos hace doblemente felices&#8221;.<\/p>\n<p class=\"canvas-atom canvas-text Mb(1.0em) Mb(0)--sm Mt(0.8em)--sm\">Ignacio \u00c1vila precis\u00f3 la demostraci\u00f3n de que &#8220;las personas con discapacidad tenemos los mismos sue\u00f1os que cualquier deportista y nadie nos regala&#8221;.<\/p>\n<p class=\"canvas-atom canvas-text Mb(1.0em) Mb(0)--sm Mt(0.8em)--sm\">Los pr\u00f3ximos objetivos son inminentes, ya que ambos estar\u00e1n en los Campeonatos de Espa\u00f1a que se disputan este fin de semana en Salamanca, donde &#8220;hay que hacerlo bien para estar en la selecci\u00f3n, y m\u00e1s tarde afrontar\u00e1n pruebas de la Copa del Mundo en Italia y B\u00e9lgica y el Campeonato de Europa en Francia.<\/p>\n<p class=\"canvas-atom canvas-text Mb(1.0em) Mb(0)--sm Mt(0.8em)--sm\">Sin duda el objetivo a largo plazo son los Juegos de Tokio, pero &#8220;hasta junio de 2020 no sabremos si podremos ir a defender la medalla de plata de R\u00edo&#8221;.<\/p>\n","protected":false},"excerpt":{"rendered":"<p>Ignacio \u00c1vila precis\u00f3  que &#8220;las personas con discapacidad tenemos los mismos sue\u00f1os que cualquier deportista y nadie nos regala&#8221;.<\/p>\n","protected":false},"author":16,"featured_media":52608,"comment_status":"closed","ping_status":"closed","sticky":false,"template":"","format":"standard","meta":[],"categories":[2,60],"tags":[],"acf":[],"_links":{"self":[{"href":"https:\/\/colimdo.org\/wp-api\/wp\/v2\/posts\/52607"}],"collection":[{"href":"https:\/\/colimdo.org\/wp-api\/wp\/v2\/posts"}],"about":[{"href":"https:\/\/colimdo.org\/wp-api\/wp\/v2\/types\/post"}],"author":[{"embeddable":true,"href":"https:\/\/colimdo.org\/wp-api\/wp\/v2\/users\/16"}],"replies":[{"embeddable":true,"href":"https:\/\/colimdo.org\/wp-api\/wp\/v2\/comments?post=52607"}],"version-history":[{"count":1,"href":"https:\/\/colimdo.org\/wp-api\/wp\/v2\/posts\/52607\/revisions"}],"predecessor-version":[{"id":52609,"href":"https:\/\/colimdo.org\/wp-api\/wp\/v2\/posts\/52607\/revisions\/52609"}],"wp:featuredmedia":[{"embeddable":true,"href":"https:\/\/colimdo.org\/wp-api\/wp\/v2\/media\/52608"}],"wp:attachment":[{"href":"https:\/\/colimdo.org\/wp-api\/wp\/v2\/media?parent=52607"}],"wp:term":[{"taxonomy":"category","embeddable":true,"href":"https:\/\/colimdo.org\/wp-api\/wp\/v2\/categories?post=52607"},{"taxonomy":"post_tag","embeddable":true,"href":"https:\/\/colimdo.org\/wp-api\/wp\/v2\/tags?post=52607"}],"curies":[{"name":"wp","href":"https:\/\/api.w.org\/{rel}","templated":true}]}}