{"id":52632,"date":"2019-05-04T00:05:01","date_gmt":"2019-05-04T00:05:01","guid":{"rendered":"https:\/\/colimdo.org\/?p=52632"},"modified":"2019-05-04T00:05:01","modified_gmt":"2019-05-04T00:05:01","slug":"seleccion-futbol-u-17-va-positiva-fase-final-eliminatoria","status":"publish","type":"post","link":"https:\/\/colimdo.org\/noticias\/seleccion-futbol-u-17-va-positiva-fase-final-eliminatoria\/","title":{"rendered":"Selecci\u00f3n f\u00fatbol U-17 va positiva a fase final eliminatoria"},"content":{"rendered":"<p style=\"font-weight: 400;\">La Selecci\u00f3n Dominicana de F\u00fatbol Sub-17 entrena fuerte y sue\u00f1a en grande tras ganar su grupo en la primera fase del Campeonato de la Concacaf, clasificatorio para el Mundial de la categor\u00eda.<\/p>\n<p style=\"font-weight: 400;\">Ecker S\u00e1nchez est\u00e1 a cargo del equipo que viajar\u00e1 este lunes a Bradenton, Florida, para jugar los octavos de finales en las facilidades de IMG Academy.<\/p>\n<p style=\"font-weight: 400;\">Los dominicanos jugar\u00e1n entre el 8 y 9 del presente mes contra el ganador del grupo G, el cual disputan en la actualidad Hait\u00ed, El Salvador, Honduras y Guyana.<\/p>\n<p style=\"font-weight: 400;\">\u201cNuestras expectativas son altas. Tenemos buena vibra y capacidad de cohesi\u00f3n. Vamos a exprimir estas fortalezas\u201d, explic\u00f3 S\u00e1nchez al final de un entrenamiento celebrado el viernes en el Proyecto Goal.<\/p>\n<p style=\"font-weight: 400;\">Los\u00a0cuatro semifinalistas avanzar\u00e1n al Mundial Sub-17, que se celebrar\u00e1 en Brasil, entre el 2 y el 24 de Noviembre del presente a\u00f1o. Esto coloca al pa\u00eds a solo dos triunfos de la clasificaci\u00f3n.<\/p>\n<p style=\"font-weight: 400;\">\u201cEstos son los dos juegos m\u00e1s importantes de nuestras vidas hasta el momento y estoy muy orgulloso de ser parte de este equipo\u201d, expres\u00f3 Franklin Rodr\u00edguez Bencosme, canterano de Cibao FC.<\/p>\n<p style=\"font-weight: 400;\">Sebasti\u00e1n Ma\u00f1\u00f3n, capit\u00e1n de la selecci\u00f3n, dijo que \u201ces un honor formar parte equipo. Esperamos recibir el apoyo de todos porque creemos que podemos estar en el Mundial\u201d. Ma\u00f1\u00f3n pertenece a Defender FC.<\/p>\n<p style=\"font-weight: 400;\">La selecci\u00f3n dominicana gan\u00f3 el grupo B en la primera fase al finalizar con una marca perfecta de 3-0 y 9 puntos. El equipo nacional derrot\u00f3 a Dominica (3-0), B\u00e9lice (3-1) y Antigua y Barbuda.<\/p>\n","protected":false},"excerpt":{"rendered":"<p>La Selecci\u00f3n Dominicana de F\u00fatbol Sub-17 entrena fuerte y sue\u00f1a en grande tras ganar su grupo en la primera fase del Campeonato de la Concacaf, clasificatorio para el Mundial de la categor\u00eda. Ecker S\u00e1nchez est\u00e1 a cargo del equipo que viajar\u00e1 este lunes a Bradenton, Florida, para jugar los octavos de finales en las facilidades [&hellip;]<\/p>\n","protected":false},"author":9,"featured_media":52633,"comment_status":"closed","ping_status":"closed","sticky":false,"template":"","format":"standard","meta":[],"categories":[3,2,60],"tags":[],"acf":[],"_links":{"self":[{"href":"https:\/\/colimdo.org\/wp-api\/wp\/v2\/posts\/52632"}],"collection":[{"href":"https:\/\/colimdo.org\/wp-api\/wp\/v2\/posts"}],"about":[{"href":"https:\/\/colimdo.org\/wp-api\/wp\/v2\/types\/post"}],"author":[{"embeddable":true,"href":"https:\/\/colimdo.org\/wp-api\/wp\/v2\/users\/9"}],"replies":[{"embeddable":true,"href":"https:\/\/colimdo.org\/wp-api\/wp\/v2\/comments?post=52632"}],"version-history":[{"count":1,"href":"https:\/\/colimdo.org\/wp-api\/wp\/v2\/posts\/52632\/revisions"}],"predecessor-version":[{"id":52634,"href":"https:\/\/colimdo.org\/wp-api\/wp\/v2\/posts\/52632\/revisions\/52634"}],"wp:featuredmedia":[{"embeddable":true,"href":"https:\/\/colimdo.org\/wp-api\/wp\/v2\/media\/52633"}],"wp:attachment":[{"href":"https:\/\/colimdo.org\/wp-api\/wp\/v2\/media?parent=52632"}],"wp:term":[{"taxonomy":"category","embeddable":true,"href":"https:\/\/colimdo.org\/wp-api\/wp\/v2\/categories?post=52632"},{"taxonomy":"post_tag","embeddable":true,"href":"https:\/\/colimdo.org\/wp-api\/wp\/v2\/tags?post=52632"}],"curies":[{"name":"wp","href":"https:\/\/api.w.org\/{rel}","templated":true}]}}