{"id":52641,"date":"2019-05-04T00:12:43","date_gmt":"2019-05-04T00:12:43","guid":{"rendered":"https:\/\/colimdo.org\/?p=52641"},"modified":"2019-05-04T00:12:43","modified_gmt":"2019-05-04T00:12:43","slug":"pedro-lopez-dirigira-los-andulleros-santiago","status":"publish","type":"post","link":"https:\/\/colimdo.org\/noticias\/pedro-lopez-dirigira-los-andulleros-santiago\/","title":{"rendered":"Pedro L\u00f3pez dirigir\u00e1 a los Andulleros de Santiago"},"content":{"rendered":"<p style=\"font-weight: 400;\"><strong>SANTO DOMINGO.-<\/strong>\u00a0Los Andulleros de Santiago informaron que Pedro L\u00f3pez ser\u00e1 su dirigente para la temporada 2019 de la Liga de Verano de B\u00e9isbol Profesional de la FEDOBE, que est\u00e1 prevista para iniciar el pr\u00f3ximo 23 de junio.<\/p>\n<p style=\"font-weight: 400;\">L\u00f3pez, de 35 a\u00f1os de edad, se desempe\u00f1\u00f3 la campa\u00f1a pasada como instructor de infielders de los Leones del Escogido, luego de jugar su \u00faltima temporada en la LIDOM en 2017-18.<\/p>\n<p style=\"font-weight: 400;\">\u201cGracias a Dios primeramente y tambi\u00e9n al gerente Filiberto Fern\u00e1ndez por darme la oportunidad. Estamos listos para este reto, conozco bien la liga ya que particip\u00e9 unos cuantos a\u00f1os y se que vamos a salir adelante\u201d, indic\u00f3 L\u00f3pez.<\/p>\n<p style=\"font-weight: 400;\">Sobre el mocano, Fern\u00e1ndez le manifest\u00f3 a Escogido.com que fue el \u00fanico candidato ponderado para el puesto.<\/p>\n<p style=\"font-weight: 400;\">\u201cViene de una tremenda escuela como es la del Escogido y se ha metido en un proceso de aprendizaje y crecimiento que ya le ha dado \u00e9xito. Entendemos que tiene grandes relaciones humanas y es un gran trabajador del b\u00e9isbol\u201d, dijo Fern\u00e1ndez.<\/p>\n<p style=\"font-weight: 400;\">El mayor triunfo para L\u00f3pez ocurri\u00f3 este a\u00f1o cuando gui\u00f3 a la Rep\u00fablica Dominicana a la medalla dorada del Campeonato Prepanamericano de B\u00e9isbol celebrado en Sao Paulo Brasil y que concluy\u00f3 el pasado mes de febrero.<\/p>\n<p style=\"font-weight: 400;\">De la mano de L\u00f3pez, los quisqueyanos tambi\u00e9n aseguraron en ese torneo su participaci\u00f3n en los Juegos Panamericanos de Lima, Per\u00fa, donde la competencia de b\u00e9isbol se desarrollar\u00e1 del 27 de julio al 4 de agosto.<\/p>\n","protected":false},"excerpt":{"rendered":"<p>SANTO DOMINGO.-\u00a0Los Andulleros de Santiago informaron que Pedro L\u00f3pez ser\u00e1 su dirigente para la temporada 2019 de la Liga de Verano de B\u00e9isbol Profesional de la FEDOBE, que est\u00e1 prevista para iniciar el pr\u00f3ximo 23 de junio. L\u00f3pez, de 35 a\u00f1os de edad, se desempe\u00f1\u00f3 la campa\u00f1a pasada como instructor de infielders de los Leones [&hellip;]<\/p>\n","protected":false},"author":9,"featured_media":52642,"comment_status":"closed","ping_status":"closed","sticky":false,"template":"","format":"standard","meta":[],"categories":[2,60],"tags":[],"acf":[],"_links":{"self":[{"href":"https:\/\/colimdo.org\/wp-api\/wp\/v2\/posts\/52641"}],"collection":[{"href":"https:\/\/colimdo.org\/wp-api\/wp\/v2\/posts"}],"about":[{"href":"https:\/\/colimdo.org\/wp-api\/wp\/v2\/types\/post"}],"author":[{"embeddable":true,"href":"https:\/\/colimdo.org\/wp-api\/wp\/v2\/users\/9"}],"replies":[{"embeddable":true,"href":"https:\/\/colimdo.org\/wp-api\/wp\/v2\/comments?post=52641"}],"version-history":[{"count":1,"href":"https:\/\/colimdo.org\/wp-api\/wp\/v2\/posts\/52641\/revisions"}],"predecessor-version":[{"id":52643,"href":"https:\/\/colimdo.org\/wp-api\/wp\/v2\/posts\/52641\/revisions\/52643"}],"wp:featuredmedia":[{"embeddable":true,"href":"https:\/\/colimdo.org\/wp-api\/wp\/v2\/media\/52642"}],"wp:attachment":[{"href":"https:\/\/colimdo.org\/wp-api\/wp\/v2\/media?parent=52641"}],"wp:term":[{"taxonomy":"category","embeddable":true,"href":"https:\/\/colimdo.org\/wp-api\/wp\/v2\/categories?post=52641"},{"taxonomy":"post_tag","embeddable":true,"href":"https:\/\/colimdo.org\/wp-api\/wp\/v2\/tags?post=52641"}],"curies":[{"name":"wp","href":"https:\/\/api.w.org\/{rel}","templated":true}]}}