{"id":52680,"date":"2019-05-05T00:56:15","date_gmt":"2019-05-05T00:56:15","guid":{"rendered":"https:\/\/colimdo.org\/?p=52680"},"modified":"2019-05-05T00:56:37","modified_gmt":"2019-05-05T00:56:37","slug":"fedojudo-rinde-tributo-timo-pimental-tony-wittkop-copa-panam","status":"publish","type":"post","link":"https:\/\/colimdo.org\/noticias\/fedojudo-rinde-tributo-timo-pimental-tony-wittkop-copa-panam\/","title":{"rendered":"Fedojudo rinde tributo a Timo Pimental y Tony Wittkop en Copa Panam"},"content":{"rendered":"<p><strong>SANTO DOMINGO<\/strong>. Dos emblem\u00e1ticas figuras del judo de la Rep\u00fablica Dominicana en los a\u00f1os 60 y 70 recibieron sendos reconocimientos en el inicio este s\u00e1bado de la Copa Panamericana de Judo Cadete y Junior Ranking Mundial en la Casa Nacional ese deporte en el Centro Ol\u00edmpico.<\/p>\n<p>La iniciativa de la distinci\u00f3n parti\u00f3 del comit\u00e9 ejecutivo de la Federaci\u00f3n Dominicana de Judo (Fedojudo), encabezado por su presidente, licenciado Gilberto Garc\u00eda.<\/p>\n<p>Timo Pimentel y Jos\u00e9 Antonio Wittkop desarrollaron una exitosa carrera deportiva y fueron figuras preponderantes como atletas y a trav\u00e9s de la presidencia de la Fedojudo.<\/p>\n<p>\u201cEs un reconocimiento a toda una vida. Representa un grado muy alto para mi persona\u201d, as\u00ec se expres\u00f3 Timo Pimentel, momento despu\u00e9s de recibir la placa de reconocimiento. \u201cEl judo es una filosof\u00eda de vida. Eso lo aprend\u00ed de Mamoru Matzunaga, a quien estar\u00e9 eternamente agradecido de sus ense\u00f1anzas\u201d, agreg\u00f3.<\/p>\n<p>El emotivo acto de reconocimiento tambi\u00e9n lo protagoniz\u00f3 Jos\u00e9 Antonio Wittkop, quien agradeci\u00f3 el gesto de los directivos de la Fedojudo. \u201cNo tengo palabras, sencillamente muchas gracias\u201d, se\u00f1al\u00f3 visiblemente emocionado Wittkop.<\/p>\n<p>Tanto Pimentel como Wittkop fueron ascendidos a sexto dan, tras una resoluci\u00f3n emitida por el comit\u00e9 ejecutivo de la Fedojudo, decisi\u00f3n que fue dada a conocer por el presidente del organismo, licenciado Gilberto Garc\u00eda.<\/p>\n<p>La semblanza de los homenajeados fue le\u00edda por Juan Chalas, inmortal del deporte, mientras que Gilberto Garc\u00eda y Luisa Mart\u00ednez, presidente y secretaria general de Fedojudo, as\u00ed como Luis Mej\u00eda, presidente del Comit\u00e9 Ol\u00edmpico Dominicano, entregaron las placas.<\/p>\n<p>\u201cEstos reconocimientos tienen un gran significado y es dar m\u00e9rito a los que comenzaron y trabajaron para trazar el camino de este deporte\u201d, agreg\u00f3 el licenciado Mej\u00eda.<\/p>\n<p>Mientras, el presidente de la Fedojudo manifest\u00f3 que el judo ha ido creciendo y que es justo reconocer el trabajo y el empe\u00f1o de un grupo de hombres y mujeres que tomaron la iniciativa en d\u00e9cadas anteriores para impulsar este deporte \u201cque tiene como caracter\u00edsticas la disciplina y la formaci\u00f3n\u201d.<\/p>\n<p>En representaci\u00f3n de la Confederaci\u00f3n Panamericana de Judo (CPJ) estuvieron el puertorrique\u00f1o Porfirio Garc\u00eda y Ovidio Garnero; el doctor Juan Niemen, por el C\u00edrculo Deportivo Militar y Policial; el director t\u00e9cnico del ministerio de Deportes, Tony Mesa; Luis Chanlatte, presidente de la Fedowshu; mayor Jos\u00e9 de Jes\u00fas Rosario, representante del director de la Polic\u00eda Nacional, mayor general Ney Aldrin Bautista, y miembros del comit\u00e9 ejecutivo de la Fedojudo.<\/p>\n<p>Al acto de distinci\u00f3n se dieron cita familiares de los homenajeados, as\u00ed como descendientes de presidentes y directores de la Fedojudo de los a\u00f1os 60 y 70, al igual que campeones nacionales de esa \u00e9poca.<\/p>\n<p>Adem\u00e1s, acudi\u00f3 la primera promoci\u00f3n de cinturones negros de los a\u00f1os 60 y 70, maestros del sal\u00f3n de la Fama de las Artes Marciales e inmortales del Deporte Dominicano.<\/p>\n","protected":false},"excerpt":{"rendered":"<p>Tanto Pimentel como Wittkop fueron expresidentes de la Fedojudo y figuras emblem\u00e1ticas de este deporte en los a\u00f1os 60 y 70.<\/p>\n","protected":false},"author":13,"featured_media":52681,"comment_status":"closed","ping_status":"closed","sticky":false,"template":"","format":"standard","meta":[],"categories":[2,60],"tags":[],"acf":[],"_links":{"self":[{"href":"https:\/\/colimdo.org\/wp-api\/wp\/v2\/posts\/52680"}],"collection":[{"href":"https:\/\/colimdo.org\/wp-api\/wp\/v2\/posts"}],"about":[{"href":"https:\/\/colimdo.org\/wp-api\/wp\/v2\/types\/post"}],"author":[{"embeddable":true,"href":"https:\/\/colimdo.org\/wp-api\/wp\/v2\/users\/13"}],"replies":[{"embeddable":true,"href":"https:\/\/colimdo.org\/wp-api\/wp\/v2\/comments?post=52680"}],"version-history":[{"count":1,"href":"https:\/\/colimdo.org\/wp-api\/wp\/v2\/posts\/52680\/revisions"}],"predecessor-version":[{"id":52682,"href":"https:\/\/colimdo.org\/wp-api\/wp\/v2\/posts\/52680\/revisions\/52682"}],"wp:featuredmedia":[{"embeddable":true,"href":"https:\/\/colimdo.org\/wp-api\/wp\/v2\/media\/52681"}],"wp:attachment":[{"href":"https:\/\/colimdo.org\/wp-api\/wp\/v2\/media?parent=52680"}],"wp:term":[{"taxonomy":"category","embeddable":true,"href":"https:\/\/colimdo.org\/wp-api\/wp\/v2\/categories?post=52680"},{"taxonomy":"post_tag","embeddable":true,"href":"https:\/\/colimdo.org\/wp-api\/wp\/v2\/tags?post=52680"}],"curies":[{"name":"wp","href":"https:\/\/api.w.org\/{rel}","templated":true}]}}