{"id":52704,"date":"2019-05-05T18:32:17","date_gmt":"2019-05-05T18:32:17","guid":{"rendered":"https:\/\/colimdo.org\/?p=52704"},"modified":"2019-05-05T18:32:33","modified_gmt":"2019-05-05T18:32:33","slug":"real-madrid-recupero-la-senda-la-victoria-la-liga","status":"publish","type":"post","link":"https:\/\/colimdo.org\/noticias\/real-madrid-recupero-la-senda-la-victoria-la-liga\/","title":{"rendered":"El Real Madrid recuper\u00f3 la senda de la victoria en La Liga"},"content":{"rendered":"<p>El Real Madrid recuper\u00f3 la senda de la victoria en La Liga Santander tras imponerse este domingo con comodidad por 3-2 al Villarreal, en un partido marcado por la vuelta a los terrenos de juego de Vinicius Junior dos meses despu\u00e9s de lesionarse en la fat\u00eddica vuelta ante el Ajax.<\/p>\n<p>Regresaba el conjunto blanco a su estadio despu\u00e9s de empatar ante el Getafe y de perder, dejando mala imagen, ante el Rayo Vallecano, pero aprovech\u00f3 la docilidad de su rival para firmar una victoria sin excesivos sustos, liderado por &#8216;secundarios&#8217; como Mariano, autor de un doblete, y Jes\u00fas Vallejo, para seguir dejando en problemas a los de Javi Calleja, menos s\u00f3lidos de lo esperado.<\/p>\n<p>Pero pese al triunfo necesario y obligado, la mejor noticia, y la mejor recibida por la afici\u00f3n, fue la vuelta de Vinicius Junior. El brasile\u00f1o goz\u00f3 de algo m\u00e1s de un cuarto de hora por parte de Zin\u00e9dine Zidane para ir cogiendo ritmo y sus compa\u00f1eros le buscaron con ah\u00ednco para que tuviese protagonismo, aunque continu\u00f3 desafortunado en los metros finales.<\/p>\n<p>El partido comenz\u00f3 animado, pero fue decayendo, sobre todo en el bando local, con ganas e \u00edmpetu en sus filas y que abri\u00f3 pronto el marcador. En medio del homenaje a Iker Casillas por parte de la grada, Brahim apret\u00f3 y rob\u00f3 un bal\u00f3n vital al habitualmente seguro Cazorla, y su pase con la defensa visitante descolocada no lo perdon\u00f3 Mariano para dar una tempranera alegr\u00eda a una grada muy despoblada.<\/p>\n<p>Los de Zidane empezaron bien y buscando la porter\u00eda de Andr\u00e9s Fern\u00e1ndez, pero cometieron un error id\u00e9ntico en la salida de bal\u00f3n, en este caso de Casemiro, y bal\u00f3n para un Gerard Moreno que coloc\u00f3 con su zurda el bal\u00f3n en la escuadra, lejos de Courtois, repitiendo por segundo partido seguido en la porter\u00eda en detrimento de Keylor Navas.<\/p>\n<p>El tanto no desanim\u00f3 al equipo merengue, que se hizo con el mando del partido ante un &#8216;Submarino&#8217; que prefer\u00eda buscar la velocidad al contragolpe. Las mejores ocasiones fueron entonces para los madridistas, que pudieron recuperar la iniciativa en un gran lanzamiento de Carvajal que se top\u00f3 con el palo o en uno de Marcelo que sac\u00f3 bien Andr\u00e9s Fern\u00e1ndez.<\/p>\n<p><strong>VALLEJO Y MARIANO CASTIGAN AL VILLAREAL<\/strong><\/p>\n<p>El Villarreal sufr\u00eda principalmente por el lado del canterano Quintill\u00e0, pero poco a poco el duelo fue cayendo y eso lo aprovech\u00f3 mejor el equipo castellonense para hacerse notar en la zona de peligro. Fornals y Chukwueze tuvieron las mejores oportunidades de poner por delante a los de Javi Calleja, que recibieron otro gol cuando el partido enfilaba el descanso. Jes\u00fas Vallejo, de nuevo titular, recogi\u00f3 un bal\u00f3n suelto en el \u00e1rea tras un saque de esquina para poner el 2-1.<\/p>\n<p>Esos problemas en el costado derecho no los termin\u00f3 de solucionar el Villarreal, que perdi\u00f3 sus opciones de ara\u00f1ar algo positivo en su lucha por el descenso con el tempranero doblete de Mariano, en su sitio para empujar un &#8216;pase de la muerte&#8217; de Carvajal, al que hab\u00eda dejado solo un Valverde, que fue de los que m\u00e1s empe\u00f1o puso. Otro, adem\u00e1s del goleador, que lo intent\u00f3 fue Brahim D\u00edaz, que dej\u00f3 otra vez destellos de su calidad y que se top\u00f3 con Andr\u00e9s Fern\u00e1ndez tras una bonita acci\u00f3n individual.<\/p>\n<p>El Villarreal acus\u00f3 el golpe y no logr\u00f3 meterse en el partido, ausente Cazorla, y s\u00f3lo Chukwueze lo intentaba con \u00e1nimo. La grada, por su parte, dirig\u00eda m\u00e1s su mirada a la zona de calentamiento y la entrada en ella de Vinicius, que se llev\u00f3 la mejor ovaci\u00f3n junto a la de Casillas cuando comenz\u00f3 a prepararse a falta de media hora, con los visitantes ya dejando muchos espacios.<\/p>\n<p>El extremo tuvo un par de intentos, pero los mejores fueron para el conjunto castellonense que no encontr\u00f3 el gol que le reenganchase al partido y el tanto postrero de Jaume Costa ya fue sin tiempo para m\u00e1s, aunque s\u00ed para meter algo de miedo.<\/p>\n","protected":false},"excerpt":{"rendered":"<p>Con el retorno de Vinicius, el Real Madrid derrot\u00f3 por 3-2 a Villarreal este domingo en la Liga Espa\u00f1ola de F\u00fatbol.<\/p>\n","protected":false},"author":13,"featured_media":52705,"comment_status":"closed","ping_status":"closed","sticky":false,"template":"","format":"standard","meta":[],"categories":[2,60],"tags":[],"acf":[],"_links":{"self":[{"href":"https:\/\/colimdo.org\/wp-api\/wp\/v2\/posts\/52704"}],"collection":[{"href":"https:\/\/colimdo.org\/wp-api\/wp\/v2\/posts"}],"about":[{"href":"https:\/\/colimdo.org\/wp-api\/wp\/v2\/types\/post"}],"author":[{"embeddable":true,"href":"https:\/\/colimdo.org\/wp-api\/wp\/v2\/users\/13"}],"replies":[{"embeddable":true,"href":"https:\/\/colimdo.org\/wp-api\/wp\/v2\/comments?post=52704"}],"version-history":[{"count":1,"href":"https:\/\/colimdo.org\/wp-api\/wp\/v2\/posts\/52704\/revisions"}],"predecessor-version":[{"id":52706,"href":"https:\/\/colimdo.org\/wp-api\/wp\/v2\/posts\/52704\/revisions\/52706"}],"wp:featuredmedia":[{"embeddable":true,"href":"https:\/\/colimdo.org\/wp-api\/wp\/v2\/media\/52705"}],"wp:attachment":[{"href":"https:\/\/colimdo.org\/wp-api\/wp\/v2\/media?parent=52704"}],"wp:term":[{"taxonomy":"category","embeddable":true,"href":"https:\/\/colimdo.org\/wp-api\/wp\/v2\/categories?post=52704"},{"taxonomy":"post_tag","embeddable":true,"href":"https:\/\/colimdo.org\/wp-api\/wp\/v2\/tags?post=52704"}],"curies":[{"name":"wp","href":"https:\/\/api.w.org\/{rel}","templated":true}]}}