{"id":52707,"date":"2019-05-05T19:03:33","date_gmt":"2019-05-05T19:03:33","guid":{"rendered":"https:\/\/colimdo.org\/?p=52707"},"modified":"2019-05-05T19:03:41","modified_gmt":"2019-05-05T19:03:41","slug":"comisionado-del-beisbol-del-caribe-anuncia-asamblea-general","status":"publish","type":"post","link":"https:\/\/colimdo.org\/noticias\/comisionado-del-beisbol-del-caribe-anuncia-asamblea-general\/","title":{"rendered":"Comisionado del B\u00e9isbol del Caribe anuncia Asamblea General"},"content":{"rendered":"<p>SANTO DOMINGO, DN.\u00a0\u00a0 La Confederaci\u00f3n de B\u00e9isbol Profesional del Caribe (CBPC) anunci<span style=\"font-style: inherit; font-weight: inherit;\">\u00f3\u00a0<\/span><span style=\"font-style: inherit; font-weight: inherit;\">este domingo de manera oficial la celebraci\u00f3n de su Asamblea 2019 para el d\u00eda 14 de este mes en San Juan, Puerto Rico, donde se conocer\u00e1n diversos temas relativos al presente y futuro de la organizaci\u00f3n.<\/span><\/p>\n<p><span style=\"font-style: inherit; font-weight: inherit;\">La informaci\u00f3n la dio a conocer mediante un despacho de prensa, el licenciado Juan Francisco Puello Herrera, Comisionado de B\u00e9isbol Profesional del Caribe.<\/span><\/p>\n<p><span style=\"font-style: inherit; font-weight: inherit;\">Dijo que la actividad se celebrara en el Museo del Deporte en Guaynabo<\/span><span style=\"font-style: inherit; font-weight: inherit;\">, Puerto Rico,\u00a0a partir de las 9: 30 de la ma\u00f1ana, cuando se verificara el quorum reglamentario.<\/span><\/p>\n<p><span style=\"font-style: inherit; font-weight: inherit;\">\u00a8La oficina esta dando todos los pasos de lugar en el campo organizativos para que nuestra Asamblea General se desarrolle con absoluta normalidad dentro del marco del respeto que siempre ha caracterizado a la familia del beisbol del Caribe&#8221;, precis\u00f3 el licenciado Puello Herrera.<\/span><\/p>\n<p><span style=\"font-style: inherit; font-weight: inherit;\">Expuso que a la Asamblea han sido invitados, como rezan los estatutos de la CBPC, los presidentes de las cuatro Ligas de B\u00e9isbol Profesional del Caribe (Venezuela, Puerto Rico, M\u00e9xico y la Rep\u00fablica Dominicana), as\u00ed como delegados e invitados especiales de las Ligas.<\/span><\/p>\n<p><span style=\"font-style: inherit; font-weight: inherit;\">Como aspecto principal de esa Asamblea estatutaria, se tratara como tema principal los trabajos que se vienen desarrollando de cara al montaje de la pr\u00f3xima Serie del Caribe que se efectuara en San Juan, Puerto Rico,\u00a0<\/span><span style=\"font-style: inherit; font-weight: inherit;\">del 1 al 7 de\u00a0febrero del a\u00f1o que viene.<\/span><\/p>\n<p><span style=\"font-style: inherit; font-weight: inherit;\">Igualmente, se conocer\u00e1n los aspectos administrativos de la CBPC y tambi\u00e9n como cada cuatro a\u00f1os, se llevara a cabo el tema de la escogencia del Comisionado de B\u00e9isbol del Caribe para dirigir los destinos de la entidad para el periodo 2019-2023.<\/span><\/p>\n","protected":false},"excerpt":{"rendered":"<p>El encuentro est\u00e1 fijado para el d\u00eda 14 de este mes en San Juan, Puerto Rico, donde se conocer\u00e1n diversos temas relativos al presente y futuro de la organizaci\u00f3n.<\/p>\n","protected":false},"author":13,"featured_media":52708,"comment_status":"closed","ping_status":"closed","sticky":false,"template":"","format":"standard","meta":[],"categories":[2,60],"tags":[],"acf":[],"_links":{"self":[{"href":"https:\/\/colimdo.org\/wp-api\/wp\/v2\/posts\/52707"}],"collection":[{"href":"https:\/\/colimdo.org\/wp-api\/wp\/v2\/posts"}],"about":[{"href":"https:\/\/colimdo.org\/wp-api\/wp\/v2\/types\/post"}],"author":[{"embeddable":true,"href":"https:\/\/colimdo.org\/wp-api\/wp\/v2\/users\/13"}],"replies":[{"embeddable":true,"href":"https:\/\/colimdo.org\/wp-api\/wp\/v2\/comments?post=52707"}],"version-history":[{"count":1,"href":"https:\/\/colimdo.org\/wp-api\/wp\/v2\/posts\/52707\/revisions"}],"predecessor-version":[{"id":52709,"href":"https:\/\/colimdo.org\/wp-api\/wp\/v2\/posts\/52707\/revisions\/52709"}],"wp:featuredmedia":[{"embeddable":true,"href":"https:\/\/colimdo.org\/wp-api\/wp\/v2\/media\/52708"}],"wp:attachment":[{"href":"https:\/\/colimdo.org\/wp-api\/wp\/v2\/media?parent=52707"}],"wp:term":[{"taxonomy":"category","embeddable":true,"href":"https:\/\/colimdo.org\/wp-api\/wp\/v2\/categories?post=52707"},{"taxonomy":"post_tag","embeddable":true,"href":"https:\/\/colimdo.org\/wp-api\/wp\/v2\/tags?post=52707"}],"curies":[{"name":"wp","href":"https:\/\/api.w.org\/{rel}","templated":true}]}}