{"id":52740,"date":"2019-05-06T16:46:34","date_gmt":"2019-05-06T16:46:34","guid":{"rendered":"https:\/\/colimdo.org\/?p=52740"},"modified":"2019-05-06T16:46:34","modified_gmt":"2019-05-06T16:46:34","slug":"ganadora-del-balon-oro-renuncia-al-mundial-femenino-protesta-la-desigualdad","status":"publish","type":"post","link":"https:\/\/colimdo.org\/noticias\/ganadora-del-balon-oro-renuncia-al-mundial-femenino-protesta-la-desigualdad\/","title":{"rendered":"Ganadora del Bal\u00f3n de Oro, renuncia al Mundial Femenino en protesta por la desigualdad"},"content":{"rendered":"<p>YAHOO. El pasado mes de diciembre, la noruega Ada Hegerberg hizo historia al convertirse en la primera ganadora del Bal\u00f3n de Oro femenino. Gracias a aquel premio fue conocida su lucha por la igualdad, que le hab\u00eda llevado a renunciar a su selecci\u00f3n como protesta.<\/p>\n<p>Pese a que consigui\u00f3 que la federaci\u00f3n de su pa\u00eds equiparase los sueldos de hombres y mujeres, la delantera del Olympique de Lyon cree que a\u00fan hay muchas cosas por hacer\u00a0y, por ello, no estar\u00e1 en el Mundial de Francia que se disputar\u00e1 este verano pese a los intentos de convencerla por parte del t\u00e9cnico Martin Sjogren.<\/p>\n<p>La delantera del Olympique de Lyon, de 23 a\u00f1os, hizo historia el pasado mes de diciembre al ganar el primer Bal\u00f3n de Oro femenino. Un premio que se sumaba a otros galardones individuales que ya hab\u00eda conseguido como el de Mejor Jugadora del A\u00f1o de la UEFA en 2016.<\/p>\n<p>Su premio qued\u00f3 lamentablemente eclipsado por la pol\u00e9mica machista del presentador de la gala, el DJ Martin Solveig, que le pregunt\u00f3 si sab\u00eda bailar<em>twerking<\/em>\u00a0despu\u00e9s de entregarle el galard\u00f3n.<\/p>\n<p>Ada Hegerberg no juega con su selecci\u00f3n desde la Eurocopa de 2017. Entonces anunci\u00f3 que dejaba el combinado nacional y explicaba los motivos con una carta en las redes sociales. \u201cEl f\u00fatbol es el deporte m\u00e1s importante de Noruega para las ni\u00f1as y lo ha sido durante a\u00f1os, pero las chicas no tienen las mismas oportunidades que los chicos\u201d, argument\u00f3.<\/p>\n<p>La protesta de Hegerberg sirvi\u00f3 para que meses despu\u00e9s la federaci\u00f3n de Noruega y el sindicato de futbolistas de su pa\u00eds firmaran un acuerdo hist\u00f3rico para que hombres y mujeres de la selecci\u00f3n tuvieran los mismos salarios. Sin embargo, la futbolista del Lyon no cambi\u00f3 su postura.<\/p>\n<p>La Bal\u00f3n de Oro no exig\u00eda solo la igualdad salarial. \u201cNo es todo sobre dinero. Se trata de la preparaci\u00f3n, de actuar, del profesionalismo, puntos muy claros que les present\u00e9 directamente a ellos cuando tom\u00e9 mi decisi\u00f3n\u201d, dijo en una entrevista a la CNN a finales del a\u00f1o pasado.<\/p>\n<p>La delantera lleva 66 partidos y 38 goles con su selecci\u00f3n, con la que debut\u00f3 en 2011 y particip\u00f3 en las Eurocopas de 2013 y 2017 y en el Mundial de 2015. Sin embargo, parece dif\u00edcil que vuelva a vestir la camiseta de Noruega. \u201cSe trata de ser sincera contigo, de ser t\u00fa misma\u201d, coment\u00f3 tambi\u00e9n a la CNN.<\/p>\n<p>Desde que dej\u00f3 el combinado n\u00f3rdico se ha centrado en su equipo, el Olympique de Lyon, con el que ha ganado las \u00faltimas cinco Ligas de Francia, tres Copas y las Champions de 2016, 2017 y 2018. Adem\u00e1s, disputar\u00e1 de nuevo la final del m\u00e1ximo torneo continental el pr\u00f3ximo 18 de mayo ante el Barcelona.<\/p>\n","protected":false},"excerpt":{"rendered":"<p>l pasado mes de diciembre, la noruega Ada Hegerberg hizo historia al convertirse en la primera ganadora del Bal\u00f3n de Oro femenino. Gracias a aquel premio fue conocida su lucha por la igualdad, que le hab\u00eda llevado a renunciar a su selecci\u00f3n como protesta.\u00a0<\/p>\n","protected":false},"author":16,"featured_media":52741,"comment_status":"closed","ping_status":"closed","sticky":false,"template":"","format":"standard","meta":[],"categories":[2,60],"tags":[],"acf":[],"_links":{"self":[{"href":"https:\/\/colimdo.org\/wp-api\/wp\/v2\/posts\/52740"}],"collection":[{"href":"https:\/\/colimdo.org\/wp-api\/wp\/v2\/posts"}],"about":[{"href":"https:\/\/colimdo.org\/wp-api\/wp\/v2\/types\/post"}],"author":[{"embeddable":true,"href":"https:\/\/colimdo.org\/wp-api\/wp\/v2\/users\/16"}],"replies":[{"embeddable":true,"href":"https:\/\/colimdo.org\/wp-api\/wp\/v2\/comments?post=52740"}],"version-history":[{"count":1,"href":"https:\/\/colimdo.org\/wp-api\/wp\/v2\/posts\/52740\/revisions"}],"predecessor-version":[{"id":52742,"href":"https:\/\/colimdo.org\/wp-api\/wp\/v2\/posts\/52740\/revisions\/52742"}],"wp:featuredmedia":[{"embeddable":true,"href":"https:\/\/colimdo.org\/wp-api\/wp\/v2\/media\/52741"}],"wp:attachment":[{"href":"https:\/\/colimdo.org\/wp-api\/wp\/v2\/media?parent=52740"}],"wp:term":[{"taxonomy":"category","embeddable":true,"href":"https:\/\/colimdo.org\/wp-api\/wp\/v2\/categories?post=52740"},{"taxonomy":"post_tag","embeddable":true,"href":"https:\/\/colimdo.org\/wp-api\/wp\/v2\/tags?post=52740"}],"curies":[{"name":"wp","href":"https:\/\/api.w.org\/{rel}","templated":true}]}}