{"id":52746,"date":"2019-05-06T17:08:52","date_gmt":"2019-05-06T17:08:52","guid":{"rendered":"https:\/\/colimdo.org\/?p=52746"},"modified":"2019-05-06T17:08:52","modified_gmt":"2019-05-06T17:08:52","slug":"presidente-del-coi-caso-semenya-complicado-delicado","status":"publish","type":"post","link":"https:\/\/colimdo.org\/noticias\/presidente-del-coi-caso-semenya-complicado-delicado\/","title":{"rendered":"Presidente del COI sobre el caso Semenya: \u201cMuy complicado y delicado\u201d"},"content":{"rendered":"<p>AFP. El caso de la atleta sudafricana Caster Semenya, juzgado la semana pasada por el Tribunal Arbitral del Deporte (TAS), es \u201cmuy delicado y complicado\u201d, se\u00f1al\u00f3 este lunes en Brisbane Thomas Bach, presidente del Comit\u00e9 Ol\u00edmpico Internacional (COI).<\/p>\n<p>La instancia ha decidido crear un grupo de expertos compuesto, entre otros, por el director m\u00e9dico del COI Richard Budgett, un representante de la Federaci\u00f3n Internacional de Atletismo (IAAF) y \u201cexpertos del mundo de la ciencia, de la \u00e9tica y representantes de atletas y federaciones internacionales\u201d, declar\u00f3 Bach a la AFP.<\/p>\n<p>\u201cLos expertos van a estudiar este problema muy delicado y complicado\u201d, dijo Bach en una conferencia de prensa en Brisbane.<\/p>\n<p>Semenya conoci\u00f3 el mi\u00e9rcoles que el TAS desestimaba su recurso contra el nuevo reglamento de la IAAF sobre las atletas hiperandr\u00f3ginas, que obliga a que bajen su tasa de testosterona con medicamentos.<\/p>\n<p>\u201cEs un caso que debemos tener en consideraci\u00f3n con las federaciones internacionales, son sus reglas las que est\u00e1n concernidas, sus reglas t\u00e9cnicas\u201d, dijo Bach, a\u00f1adiendo que no sabe cu\u00e1ndo el grupo de trabajo ofrecer\u00e1 sus conclusiones.<\/p>\n<p>\u201cA veces, entre los expertos del mundo m\u00e9dico, como en el mundo de los abogados, hay discusiones muy complicadas, por lo que no s\u00e9 cu\u00e1ndo el grupo de trabajo tendr\u00e1 sus conclusiones\u201d, explic\u00f3.<\/p>\n<p>El presidente del COI visit\u00f3 Brisbane para reunirse con el alcalde de la capital del Estado de Queensland, que aspira a presentar una candidatura para la organizaci\u00f3n de los Juegos Ol\u00edmpicos de 2032.<\/p>\n<p>A continuaci\u00f3n Bach participar\u00e1 en la convenci\u00f3n SportAccord, que re\u00fane a las federaciones deportivas bajo el patrocinio del COI y que se celebrar\u00e1 en Gold Coast.<\/p>\n","protected":false},"excerpt":{"rendered":"<p>La instancia ha decidido crear un grupo de expertos compuesto, entre otros, por el director m\u00e9dico del COI Richard Budgett, un representante de la Federaci\u00f3n Internacional de Atletismo (IAAF) y \u201cexpertos del mundo de la ciencia, de la \u00e9tica y representantes de atletas y federaciones internacionales\u201d, declar\u00f3 Bach a la AFP.<\/p>\n","protected":false},"author":16,"featured_media":52748,"comment_status":"closed","ping_status":"closed","sticky":false,"template":"","format":"standard","meta":[],"categories":[2,60],"tags":[],"acf":[],"_links":{"self":[{"href":"https:\/\/colimdo.org\/wp-api\/wp\/v2\/posts\/52746"}],"collection":[{"href":"https:\/\/colimdo.org\/wp-api\/wp\/v2\/posts"}],"about":[{"href":"https:\/\/colimdo.org\/wp-api\/wp\/v2\/types\/post"}],"author":[{"embeddable":true,"href":"https:\/\/colimdo.org\/wp-api\/wp\/v2\/users\/16"}],"replies":[{"embeddable":true,"href":"https:\/\/colimdo.org\/wp-api\/wp\/v2\/comments?post=52746"}],"version-history":[{"count":1,"href":"https:\/\/colimdo.org\/wp-api\/wp\/v2\/posts\/52746\/revisions"}],"predecessor-version":[{"id":52749,"href":"https:\/\/colimdo.org\/wp-api\/wp\/v2\/posts\/52746\/revisions\/52749"}],"wp:featuredmedia":[{"embeddable":true,"href":"https:\/\/colimdo.org\/wp-api\/wp\/v2\/media\/52748"}],"wp:attachment":[{"href":"https:\/\/colimdo.org\/wp-api\/wp\/v2\/media?parent=52746"}],"wp:term":[{"taxonomy":"category","embeddable":true,"href":"https:\/\/colimdo.org\/wp-api\/wp\/v2\/categories?post=52746"},{"taxonomy":"post_tag","embeddable":true,"href":"https:\/\/colimdo.org\/wp-api\/wp\/v2\/tags?post=52746"}],"curies":[{"name":"wp","href":"https:\/\/api.w.org\/{rel}","templated":true}]}}