{"id":52763,"date":"2019-05-06T23:53:48","date_gmt":"2019-05-06T23:53:48","guid":{"rendered":"https:\/\/colimdo.org\/?p=52763"},"modified":"2019-05-06T23:53:54","modified_gmt":"2019-05-06T23:53:54","slug":"yamilet-pena-favorece-masificacion-la-gimnasia-ofrece-exhibicion","status":"publish","type":"post","link":"https:\/\/colimdo.org\/noticias\/yamilet-pena-favorece-masificacion-la-gimnasia-ofrece-exhibicion\/","title":{"rendered":"Yamilet Pe\u00f1a favorece masificaci\u00f3n de la Gimnasia; ofrece exhibici\u00f2n"},"content":{"rendered":"<p><strong>SANTO DOMINGO<\/strong>. La medallista Panamericana y Centroamericana de Gimnasia, Yamilet\u00a0<span style=\"font-style: inherit; font-weight: inherit;\">Pe\u00f1a, <\/span>inst\u00f3 a todas las ni\u00f1as de la Escuela de Gimnasia del Club Deportivo Naco a que jam\u00e1s abandonen sus estudios, que hagan deporte, respeten a los mayores y que se entreguen en un 110 por ciento en cada entrenamiento.<\/p>\n<p><span style=\"font-style: inherit; font-weight: inherit;\">Sus criterios los extern\u00f3 Yamilet al ofrecer una exhibici\u00f3n en la Escuela de Gimnasia del Club Naco, donde fue recibida por Karolay De Le\u00f3n, presidenta de la Asociaci\u00f3n de Padres de Gimnasia del Club, as\u00ed como por Madeline Andino, directiva del club, y por Francisco Boyero, Director de Deportes.<\/span><\/p>\n<p><span style=\"font-style: inherit; font-weight: inherit;\">Yamilet comparti\u00f3 con todas las ni\u00f1as, les ense\u00f1\u00f3 algunas t\u00e9cnicas de gimnasia de acuerdo a sus edades y dijo que uno de sus grandes deseos es ayudar a la masificaci\u00f3n de la Gimnasia en la Capital y en todo el pa\u00eds.<\/span><\/p>\n<p><span style=\"font-style: inherit; font-weight: inherit;\">\u201cAqu\u00ed tenemos muchos talentos en las escuelas, colegios, clubes y barrios, en ambas ramas, por eso quiero apoyar en la masificaci\u00f3n\u201d, subray\u00f2.<\/span><\/p>\n<p><span style=\"font-style: inherit; font-weight: inherit;\">Francisco Boyero indic\u00f3 que continuar\u00e1n llevando las grandes figuras del deporte de Alto Rendimiento para los j\u00f3venes del Club Naco puedan conocer sus historias y asimilen sus experiencias.<\/span><\/p>\n<p>Durante la actividad, un grupo de ni\u00f1as de la Escuela de Gimnasia del Club Naco aprovech\u00f2 y entreg\u00f2 una placa de reconocimiento por su trayectoria a Yamilet, quien agradeci\u00f3 el bonito gesto.<\/p>\n<p><span style=\"font-style: inherit; font-weight: inherit;\">Karolay De Le\u00f3n y Madeline Andino afirmaron que Yamilet siempre tendr\u00e1 las puertas abiertas del Club Naco para que tenga contacto con las ni\u00f1as y ni\u00f1os que aman ese deporte.<\/span><\/p>\n","protected":false},"excerpt":{"rendered":"<p>La atleta exhort\u00f3 a las ni\u00f1as y ni\u00f1os del club deportivo Naco a que estudien, hagan deporte y que se entreguen por completo a las pr\u00e1cticas.<\/p>\n","protected":false},"author":13,"featured_media":52764,"comment_status":"closed","ping_status":"closed","sticky":false,"template":"","format":"standard","meta":[],"categories":[2],"tags":[],"acf":[],"_links":{"self":[{"href":"https:\/\/colimdo.org\/wp-api\/wp\/v2\/posts\/52763"}],"collection":[{"href":"https:\/\/colimdo.org\/wp-api\/wp\/v2\/posts"}],"about":[{"href":"https:\/\/colimdo.org\/wp-api\/wp\/v2\/types\/post"}],"author":[{"embeddable":true,"href":"https:\/\/colimdo.org\/wp-api\/wp\/v2\/users\/13"}],"replies":[{"embeddable":true,"href":"https:\/\/colimdo.org\/wp-api\/wp\/v2\/comments?post=52763"}],"version-history":[{"count":1,"href":"https:\/\/colimdo.org\/wp-api\/wp\/v2\/posts\/52763\/revisions"}],"predecessor-version":[{"id":52765,"href":"https:\/\/colimdo.org\/wp-api\/wp\/v2\/posts\/52763\/revisions\/52765"}],"wp:featuredmedia":[{"embeddable":true,"href":"https:\/\/colimdo.org\/wp-api\/wp\/v2\/media\/52764"}],"wp:attachment":[{"href":"https:\/\/colimdo.org\/wp-api\/wp\/v2\/media?parent=52763"}],"wp:term":[{"taxonomy":"category","embeddable":true,"href":"https:\/\/colimdo.org\/wp-api\/wp\/v2\/categories?post=52763"},{"taxonomy":"post_tag","embeddable":true,"href":"https:\/\/colimdo.org\/wp-api\/wp\/v2\/tags?post=52763"}],"curies":[{"name":"wp","href":"https:\/\/api.w.org\/{rel}","templated":true}]}}