{"id":52768,"date":"2019-05-07T00:47:19","date_gmt":"2019-05-07T00:47:19","guid":{"rendered":"https:\/\/colimdo.org\/?p=52768"},"modified":"2019-05-07T00:47:25","modified_gmt":"2019-05-07T00:47:25","slug":"mueren-14-ocupantes-avion-privado-habrian-ido-pelea-del-canelo","status":"publish","type":"post","link":"https:\/\/colimdo.org\/noticias\/mueren-14-ocupantes-avion-privado-habrian-ido-pelea-del-canelo\/","title":{"rendered":"Mueren 14 ocupantes avi\u00f3n privado; habr\u00edan ido a pelea del Canelo"},"content":{"rendered":"<p><strong>Saltillo, Coahuila, (EFE).-<\/strong> El avi\u00f3n privado que desapareci\u00f3 en el estado de Coahuila, al norte de M\u00e9xico, procedente de la ciudad estadounidense de Las Vegas ya fue localizado en la sierra de Monclova y los 14 ocupantes que iban a bordo fallecieron, inform\u00f3 este lunes la direcci\u00f3n estatal de Protecci\u00f3n Civil.<\/p>\n<p>La dependencia precis\u00f3 que efectivos de diversas corporaciones, incluyendo al Ej\u00e9rcito Mexicano, se dirigen al sitio del accidente y que por la tarde se dar\u00e1n a conocer m\u00e1s detalles.<\/p>\n<p>La instituci\u00f3n indic\u00f3 que en la aeronave viajaban tres miembros de la tripulaci\u00f3n y 11 pasajeros.<\/p>\n<p>El jet Bombardier Challenger 601, con matr\u00edcula N601VH, se report\u00f3 como desaparecido desde la tarde del domingo.<\/p>\n<p>La aeronave despeg\u00f3 al filo de las 17.00 hora local (22.00 GMT) del domingo del aeropuerto internacional McCarran de Las Vegas con destino en la ciudad de Monterrey, capital del estado mexicano de Nuevo Le\u00f3n.<\/p>\n<p>Previamente este lunes, el secretario de Seguridad P\u00fablica de Coahuila, Jos\u00e9 Luis Pliego Corona, hab\u00eda informado que los cuerpos de socorro hab\u00edan iniciado la b\u00fasqueda del avi\u00f3n reportado como desaparecido en el municipio de Monclova, en la zona centro del estado.<\/p>\n<p>&#8220;Estamos atendiendo el caso porque en la comunidad de la aviaci\u00f3n civil se emitieron los reportes y las alertas. No se trata de informaci\u00f3n falsa que de pronto haya aparecido en redes sociales, sino de una alerta que surge precisamente de la comunidad de la aviaci\u00f3n civil&#8221;, se\u00f1al\u00f3 Pliego.<\/p>\n<p>Medios locales indicaron que los pasajeros hab\u00edan viajado a Las Vegas para asistir el s\u00e1bado a la funci\u00f3n de boxeo en la que el mexicano Sa\u00fal \u00c1lvarez triunf\u00f3 sobre el estadounidense Daniel Jacobs en un encuentro de campeonato de peso medio.<\/p>\n<p>En M\u00e9xico es frecuente que personas adineradas renten aeronaves para acudir en el pa\u00eds vecino a encuentros deportivos relevantes u otros espect\u00e1culos.<\/p>\n","protected":false},"excerpt":{"rendered":"<p>El avi\u00f3n privado que desapareci\u00f3 en el estado de Coahuila, al norte de M\u00e9xico, procedente de la ciudad estadounidense de Las Vegas, ya fue localizado.<\/p>\n","protected":false},"author":13,"featured_media":52769,"comment_status":"closed","ping_status":"closed","sticky":false,"template":"","format":"standard","meta":[],"categories":[2,60],"tags":[],"acf":[],"_links":{"self":[{"href":"https:\/\/colimdo.org\/wp-api\/wp\/v2\/posts\/52768"}],"collection":[{"href":"https:\/\/colimdo.org\/wp-api\/wp\/v2\/posts"}],"about":[{"href":"https:\/\/colimdo.org\/wp-api\/wp\/v2\/types\/post"}],"author":[{"embeddable":true,"href":"https:\/\/colimdo.org\/wp-api\/wp\/v2\/users\/13"}],"replies":[{"embeddable":true,"href":"https:\/\/colimdo.org\/wp-api\/wp\/v2\/comments?post=52768"}],"version-history":[{"count":1,"href":"https:\/\/colimdo.org\/wp-api\/wp\/v2\/posts\/52768\/revisions"}],"predecessor-version":[{"id":52770,"href":"https:\/\/colimdo.org\/wp-api\/wp\/v2\/posts\/52768\/revisions\/52770"}],"wp:featuredmedia":[{"embeddable":true,"href":"https:\/\/colimdo.org\/wp-api\/wp\/v2\/media\/52769"}],"wp:attachment":[{"href":"https:\/\/colimdo.org\/wp-api\/wp\/v2\/media?parent=52768"}],"wp:term":[{"taxonomy":"category","embeddable":true,"href":"https:\/\/colimdo.org\/wp-api\/wp\/v2\/categories?post=52768"},{"taxonomy":"post_tag","embeddable":true,"href":"https:\/\/colimdo.org\/wp-api\/wp\/v2\/tags?post=52768"}],"curies":[{"name":"wp","href":"https:\/\/api.w.org\/{rel}","templated":true}]}}