{"id":52783,"date":"2019-05-07T12:39:26","date_gmt":"2019-05-07T12:39:26","guid":{"rendered":"https:\/\/colimdo.org\/?p=52783"},"modified":"2019-05-07T12:39:26","modified_gmt":"2019-05-07T12:39:26","slug":"maita-mercedes-sera-dirigente-del-bameso-baloncesto-del-distrito","status":"publish","type":"post","link":"https:\/\/colimdo.org\/noticias\/maita-mercedes-sera-dirigente-del-bameso-baloncesto-del-distrito\/","title":{"rendered":"Maita Mercedes ser\u00e1 el dirigente del Bameso en Baloncesto del Distrito"},"content":{"rendered":"<p>SANTO DOMINGO.- El club Bameso anunci\u00f3 la contrataci\u00f3n de Jos\u00e9 (Maita) Mercedes como su entrenador para el venidero Torneo de Baloncesto Superior del Distrito Nacional 2019, que dar\u00e1 inicio a partir del pr\u00f3ximo 5 de junio en el Palacio de los Deportes Virgilio Travieso Soto.<\/p>\n<p>El presidente del Club Bameso, Jos\u00e9 Alberto Castro, manifest\u00f3 la confianza depositada en Maita para llevar al equipo al siguiente nivel.<\/p>\n<p>\u201cMaita es la mejor garant\u00eda para nuestros seguidores y patrocinadores, de que Bameso va tras grandes cosas en este torneo, sobre todo un cambio radical de mentalidad de nuestros jugadores y cambiar la imagen del equipo por lo que ha sucedido en los \u00faltimos tres a\u00f1os\u201d, expreso Castro.<\/p>\n<p>El trabajo de Maita ya es conocido por el club, ya que fue el dirigente que llev\u00f3 a Bameso a conquistar su primera corona en el baloncesto Distrital en el a\u00f1o 2011, cuando derrotaron en la final de ese certamen al equipo de San Carlos. El equipo tambi\u00e9n gan\u00f3 en el torneo de 2012, pero con Fernando Teruel como entrenador, ya que Mercedes no pudo seguir con el club debido a los compromisos que ten\u00eda en ese momento con la selecci\u00f3n nacional y con el equipo Leones, de la Liga Nacional de Baloncesto (LNB).<\/p>\n<p>El renombrado coach ya trabaj\u00f3 el a\u00f1o pasado con un grupo de jugadores j\u00f3venes del Bameso, quienes est\u00e1n llamados a ser parte del futuro del equipo a mediano y largo plazo, y ahora como entrenador oficial Mercedes trabajar\u00e1 con el n\u00facleo de jugadores que ya el conoce, de cara a desempe\u00f1ar un papel sobresaliente el torneo superior de este a\u00f1o.<\/p>\n<p>\u201cUna de nuestras prioridades en esta nueva directiva del club era tener disponible a maita Mercedes para que dirija el equipo toda la temporada, ya que conocemos su trabajo\u201d, indico Jos\u00e9 Alberto Castro.<\/p>\n<p>De su lado el presidente de la comisi\u00f3n de baloncesto de Bameso Pedro Lara se mostr\u00f3 complacido con la contrataci\u00f3n de Mercedes por toda su trayectoria como entrenador.<\/p>\n<p>\u201cEs un gran acierto para el club contar con uno de los m\u00e1s reputados entrenadores que tiene el pa\u00eds en la actualidad, es un ganador y entendemos que va impregnar su filosof\u00eda ganadora a cada integrante del equipo\u201d Manifest\u00f3 Lara.<\/p>\n<p>Por su parte Jos\u00e9 Mercedes agradeci\u00f3 la confianza depositada en el por parte del club, indicando que har\u00e1 su mejor esfuerzo para llevar el barco hasta el puerto deseado que es ganar el campeonato.<\/p>\n<p>\u201cMe siento parte de la familia bamesiana y recuerdo con mucho orgullo esa corona que logramos en el a\u00f1o 2011, nuestro objetivo es tener una participaci\u00f3n digna en el evento, y que pueda repetirse la historia de ese campeonato en esta oportunidad\u201d\u00a0expres\u00f3\u00a0\u00a0Mercedes.<\/p>\n<p>Bameso ha iniciado sus entrenamientos en el tachado de su club los d\u00edas lunes, mi\u00e9rcoles y viernes, a partir de las 7:00 de la noche.<\/p>\n<div class=\"wpcnt\"><\/div>\n","protected":false},"excerpt":{"rendered":"<p>El presidente del Club Bameso, Jos\u00e9 Alberto Castro, manifest\u00f3 la confianza depositada en Maita para llevar al equipo al siguiente nivel.<\/p>\n","protected":false},"author":16,"featured_media":52784,"comment_status":"closed","ping_status":"closed","sticky":false,"template":"","format":"standard","meta":[],"categories":[2,60],"tags":[],"acf":[],"_links":{"self":[{"href":"https:\/\/colimdo.org\/wp-api\/wp\/v2\/posts\/52783"}],"collection":[{"href":"https:\/\/colimdo.org\/wp-api\/wp\/v2\/posts"}],"about":[{"href":"https:\/\/colimdo.org\/wp-api\/wp\/v2\/types\/post"}],"author":[{"embeddable":true,"href":"https:\/\/colimdo.org\/wp-api\/wp\/v2\/users\/16"}],"replies":[{"embeddable":true,"href":"https:\/\/colimdo.org\/wp-api\/wp\/v2\/comments?post=52783"}],"version-history":[{"count":1,"href":"https:\/\/colimdo.org\/wp-api\/wp\/v2\/posts\/52783\/revisions"}],"predecessor-version":[{"id":52785,"href":"https:\/\/colimdo.org\/wp-api\/wp\/v2\/posts\/52783\/revisions\/52785"}],"wp:featuredmedia":[{"embeddable":true,"href":"https:\/\/colimdo.org\/wp-api\/wp\/v2\/media\/52784"}],"wp:attachment":[{"href":"https:\/\/colimdo.org\/wp-api\/wp\/v2\/media?parent=52783"}],"wp:term":[{"taxonomy":"category","embeddable":true,"href":"https:\/\/colimdo.org\/wp-api\/wp\/v2\/categories?post=52783"},{"taxonomy":"post_tag","embeddable":true,"href":"https:\/\/colimdo.org\/wp-api\/wp\/v2\/tags?post=52783"}],"curies":[{"name":"wp","href":"https:\/\/api.w.org\/{rel}","templated":true}]}}